{"id":10118,"date":"2012-04-16T00:01:45","date_gmt":"2012-04-16T06:01:45","guid":{"rendered":"http:\/\/www.ricosyfamosos.org\/?p=10118"},"modified":"2012-04-15T22:16:08","modified_gmt":"2012-04-16T04:16:08","slug":"kendall-jenner-se-luce-en-flavor-magazine","status":"publish","type":"post","link":"http:\/\/www.ricosyfamosos.org\/index.php\/2012\/04\/16\/kendall-jenner-se-luce-en-flavor-magazine\/","title":{"rendered":"Kendall Jenner se luce en Flavor magazine"},"content":{"rendered":"<div align=\"center\"><img loading=\"lazy\" decoding=\"async\" src=\"http:\/\/www.ricosyfamosos.org\/wp-content\/uploads\/2012\/04\/kendall-jenner-se-luce-en-flavor-magazine-01.jpg\" alt=\"\" title=\"kendall-jenner-se-luce-en-flavor-magazine-01\" width=\"490\" height=\"336\" class=\"aligncenter size-full wp-image-10119\" srcset=\"http:\/\/www.ricosyfamosos.org\/wp-content\/uploads\/2012\/04\/kendall-jenner-se-luce-en-flavor-magazine-01.jpg 490w, http:\/\/www.ricosyfamosos.org\/wp-content\/uploads\/2012\/04\/kendall-jenner-se-luce-en-flavor-magazine-01-450x308.jpg 450w\" sizes=\"auto, (max-width: 490px) 100vw, 490px\" \/><\/div>\n<p><\/p>\n<div align=\"justify\">La hermanastra de las <strong>Kardashians<\/strong> demuestra que tiene mucho para darle al mundo del modelaje, en parte, gracias a la herencia del campe\u00f3n ol\u00edmpico Bruce Jenner. Como ver\u00e1n, la peque\u00f1a tiene cuerpo y target para ingresar por la puerta grande al mundo de la moda.<\/div>\n<p><\/p>\n<p><!--more--><\/p>\n<div align=\"center\"><img loading=\"lazy\" decoding=\"async\" src=\"http:\/\/www.ricosyfamosos.org\/wp-content\/uploads\/2012\/04\/kendall-jenner-se-luce-en-flavor-magazine-02.jpg\" alt=\"\" title=\"kendall-jenner-se-luce-en-flavor-magazine-02\" width=\"490\" height=\"673\" class=\"aligncenter size-full wp-image-10120\" srcset=\"http:\/\/www.ricosyfamosos.org\/wp-content\/uploads\/2012\/04\/kendall-jenner-se-luce-en-flavor-magazine-02.jpg 490w, http:\/\/www.ricosyfamosos.org\/wp-content\/uploads\/2012\/04\/kendall-jenner-se-luce-en-flavor-magazine-02-450x618.jpg 450w\" sizes=\"auto, (max-width: 490px) 100vw, 490px\" \/><\/div>\n<p><\/p>\n<div align=\"justify\">Los esfuerzos de su madre, <strong>Kris Jenner<\/strong> y su hermana <strong>Kim Kardashian<\/strong> dieron resultado, porque al parecer la menor de las Kardashians no tiene intenciones de resignar su carrera, y se abocar\u00e1 a las campa\u00f1as masivas.<\/div>\n<p><\/p>\n<div align=\"center\"><img loading=\"lazy\" decoding=\"async\" src=\"http:\/\/www.ricosyfamosos.org\/wp-content\/uploads\/2012\/04\/kendall-jenner-se-luce-en-flavor-magazine-03.jpg\" alt=\"\" title=\"kendall-jenner-se-luce-en-flavor-magazine-03\" width=\"490\" height=\"673\" class=\"aligncenter size-full wp-image-10121\" srcset=\"http:\/\/www.ricosyfamosos.org\/wp-content\/uploads\/2012\/04\/kendall-jenner-se-luce-en-flavor-magazine-03.jpg 490w, http:\/\/www.ricosyfamosos.org\/wp-content\/uploads\/2012\/04\/kendall-jenner-se-luce-en-flavor-magazine-03-450x618.jpg 450w\" sizes=\"auto, (max-width: 490px) 100vw, 490px\" \/><\/div>\n<p><\/p>\n<div align=\"justify\">Sin dudas, hered\u00f3 las piernas de su padre&#8230; buenos genes.<\/div>\n<p><\/p>\n<p>Fuente: <a href=\"http:\/\/theblemish.com\/2012\/04\/kendall-jenner-in-a-bikin-in-flavor-magazine\/\" target=\"_blank\">theblemish<br \/>\n<\/a><\/p>\n","protected":false},"excerpt":{"rendered":"<p>La hermanastra de las Kardashians demuestra que tiene mucho para darle al mundo del modelaje, en parte, gracias a la herencia del campe\u00f3n ol\u00edmpico Bruce Jenner. Como ver\u00e1n, la peque\u00f1a tiene cuerpo y target para ingresar por la puerta grande al mundo de la moda.<\/p>\n","protected":false},"author":3,"featured_media":0,"comment_status":"open","ping_status":"open","sticky":false,"template":"","format":"standard","meta":{"footnotes":""},"categories":[50,1071,36,32],"tags":[1658,760,1659],"class_list":["post-10118","post","type-post","status-publish","format-standard","hentry","category-fotos-de-famosas","category-noticias-de-moda-y-modelos","category-noticias-de-television","category-noticias-generales","tag-kendall-jenner","tag-kim-kardashian","tag-kris-jenner"],"aioseo_notices":[],"_links":{"self":[{"href":"http:\/\/www.ricosyfamosos.org\/index.php\/wp-json\/wp\/v2\/posts\/10118","targetHints":{"allow":["GET"]}}],"collection":[{"href":"http:\/\/www.ricosyfamosos.org\/index.php\/wp-json\/wp\/v2\/posts"}],"about":[{"href":"http:\/\/www.ricosyfamosos.org\/index.php\/wp-json\/wp\/v2\/types\/post"}],"author":[{"embeddable":true,"href":"http:\/\/www.ricosyfamosos.org\/index.php\/wp-json\/wp\/v2\/users\/3"}],"replies":[{"embeddable":true,"href":"http:\/\/www.ricosyfamosos.org\/index.php\/wp-json\/wp\/v2\/comments?post=10118"}],"version-history":[{"count":0,"href":"http:\/\/www.ricosyfamosos.org\/index.php\/wp-json\/wp\/v2\/posts\/10118\/revisions"}],"wp:attachment":[{"href":"http:\/\/www.ricosyfamosos.org\/index.php\/wp-json\/wp\/v2\/media?parent=10118"}],"wp:term":[{"taxonomy":"category","embeddable":true,"href":"http:\/\/www.ricosyfamosos.org\/index.php\/wp-json\/wp\/v2\/categories?post=10118"},{"taxonomy":"post_tag","embeddable":true,"href":"http:\/\/www.ricosyfamosos.org\/index.php\/wp-json\/wp\/v2\/tags?post=10118"}],"curies":[{"name":"wp","href":"https:\/\/api.w.org\/{rel}","templated":true}]}}