{"id":10320,"date":"2012-04-25T12:05:51","date_gmt":"2012-04-25T18:05:51","guid":{"rendered":"http:\/\/www.ricosyfamosos.org\/?p=10320"},"modified":"2012-04-25T12:05:51","modified_gmt":"2012-04-25T18:05:51","slug":"lauren-conrad-supera-el-trauma-de-la-celulitis","status":"publish","type":"post","link":"http:\/\/www.ricosyfamosos.org\/index.php\/2012\/04\/25\/lauren-conrad-supera-el-trauma-de-la-celulitis\/","title":{"rendered":"Lauren Conrad supera el trauma de la celulitis"},"content":{"rendered":"<div align=\"center\"><img loading=\"lazy\" decoding=\"async\" src=\"http:\/\/www.ricosyfamosos.org\/wp-content\/uploads\/2012\/04\/lauren-conrad-supera-el-tema-de-la-celulitis-01.jpg\" alt=\"\" title=\"lauren-conrad-supera-el-tema-de-la-celulitis-01\" width=\"490\" height=\"653\" class=\"aligncenter size-full wp-image-10321\" srcset=\"http:\/\/www.ricosyfamosos.org\/wp-content\/uploads\/2012\/04\/lauren-conrad-supera-el-tema-de-la-celulitis-01.jpg 490w, http:\/\/www.ricosyfamosos.org\/wp-content\/uploads\/2012\/04\/lauren-conrad-supera-el-tema-de-la-celulitis-01-450x599.jpg 450w\" sizes=\"auto, (max-width: 490px) 100vw, 490px\" \/><\/div>\n<p><\/p>\n<div align=\"justify\">Muchas, por no de decir miles de miles de mujeres tienen celulitis. Pero al parecer las famosas se toman muy en serio el tema de la imagen y <strong>Lauren Conrad<\/strong> admiti\u00f3 tener terror a usar un bikini a causa de la celulitis.<\/div>\n<p><\/p>\n<p><!--more--><\/p>\n<div align=\"center\"><img loading=\"lazy\" decoding=\"async\" src=\"http:\/\/www.ricosyfamosos.org\/wp-content\/uploads\/2012\/04\/lauren-conrad-supera-el-tema-de-la-celulitis-02.jpg\" alt=\"\" title=\"lauren-conrad-supera-el-tema-de-la-celulitis-02\" width=\"490\" height=\"673\" class=\"aligncenter size-full wp-image-10322\" srcset=\"http:\/\/www.ricosyfamosos.org\/wp-content\/uploads\/2012\/04\/lauren-conrad-supera-el-tema-de-la-celulitis-02.jpg 490w, http:\/\/www.ricosyfamosos.org\/wp-content\/uploads\/2012\/04\/lauren-conrad-supera-el-tema-de-la-celulitis-02-450x618.jpg 450w\" sizes=\"auto, (max-width: 490px) 100vw, 490px\" \/><\/div>\n<p><\/p>\n<div align=\"justify\">La ex estrella de The Hills, se anim\u00f3 a pasearse por Los \u00c1ngeles luciendo un vestido corto, al cuerpo y muy ajustado, mostrando sus encantadoras piernas tonificadas, lo que nos hace dudar el porque de su fobia.<\/div>\n<p><\/p>\n<div align=\"center\"><img loading=\"lazy\" decoding=\"async\" src=\"http:\/\/www.ricosyfamosos.org\/wp-content\/uploads\/2012\/04\/lauren-conrad-supera-el-tema-de-la-celulitis-03.jpg\" alt=\"\" title=\"lauren-conrad-supera-el-tema-de-la-celulitis-03\" width=\"306\" height=\"689\" class=\"aligncenter size-full wp-image-10323\" \/><\/div>\n<p><\/p>\n<div align=\"justify\"><strong>Lauren Conrad<\/strong> est\u00e1 de gira promocionando su libro The Fame Game (El juego de la fama), dando constantes entrevistas en diversos talk-shows.<\/div>\n<p><\/p>\n<div align=\"center\"><img loading=\"lazy\" decoding=\"async\" src=\"http:\/\/www.ricosyfamosos.org\/wp-content\/uploads\/2012\/04\/lauren-conrad-supera-el-tema-de-la-celulitis-04.jpg\" alt=\"\" title=\"lauren-conrad-supera-el-tema-de-la-celulitis-04\" width=\"490\" height=\"403\" class=\"aligncenter size-full wp-image-10324\" srcset=\"http:\/\/www.ricosyfamosos.org\/wp-content\/uploads\/2012\/04\/lauren-conrad-supera-el-tema-de-la-celulitis-04.jpg 490w, http:\/\/www.ricosyfamosos.org\/wp-content\/uploads\/2012\/04\/lauren-conrad-supera-el-tema-de-la-celulitis-04-450x370.jpg 450w\" sizes=\"auto, (max-width: 490px) 100vw, 490px\" \/><\/div>\n<p><\/p>\n<div align=\"justify\">En su entrevista a Glamour, Lauren Conrad admiti\u00f3 que por a\u00f1os no uso bikini despu\u00e9s de que un fot\u00f3grafo le sac\u00f3 una foto con zoom donde se ve\u00eda un poco de celulitis, y todos los medios la tildaron de gorda.<\/p>\n<p>A veces es mejor hacer o\u00eddos sordos a los malos comentarios, \u00bfno?, despu\u00e9s de todo, \u00bfQui\u00e9n es perfecto?<\/p><\/div>\n<p><\/p>\n<p>Fuente: <a href=\"http:\/\/www.dailymail.co.uk\/tvshowbiz\/article-2134420\/Lauren-Conrad-shows-toned-legs-flirty-dress-admitting-shes-petrified-dreaded-orange-peel.html\" target=\"_blank\">dailymail<\/a><\/p>\n","protected":false},"excerpt":{"rendered":"<p>Muchas, por no de decir miles de miles de mujeres tienen celulitis. Pero al parecer las famosas se toman muy en serio el tema de la imagen y Lauren Conrad admiti\u00f3 tener terror a usar un bikini a causa de la celulitis.<\/p>\n","protected":false},"author":3,"featured_media":0,"comment_status":"open","ping_status":"open","sticky":false,"template":"","format":"standard","meta":{"footnotes":""},"categories":[28,50,31,1071,36,32],"tags":[1030],"class_list":["post-10320","post","type-post","status-publish","format-standard","hentry","category-celebrity-ooopss","category-fotos-de-famosas","category-noticias-de-actrices","category-noticias-de-moda-y-modelos","category-noticias-de-television","category-noticias-generales","tag-lauren-conrad"],"aioseo_notices":[],"_links":{"self":[{"href":"http:\/\/www.ricosyfamosos.org\/index.php\/wp-json\/wp\/v2\/posts\/10320","targetHints":{"allow":["GET"]}}],"collection":[{"href":"http:\/\/www.ricosyfamosos.org\/index.php\/wp-json\/wp\/v2\/posts"}],"about":[{"href":"http:\/\/www.ricosyfamosos.org\/index.php\/wp-json\/wp\/v2\/types\/post"}],"author":[{"embeddable":true,"href":"http:\/\/www.ricosyfamosos.org\/index.php\/wp-json\/wp\/v2\/users\/3"}],"replies":[{"embeddable":true,"href":"http:\/\/www.ricosyfamosos.org\/index.php\/wp-json\/wp\/v2\/comments?post=10320"}],"version-history":[{"count":0,"href":"http:\/\/www.ricosyfamosos.org\/index.php\/wp-json\/wp\/v2\/posts\/10320\/revisions"}],"wp:attachment":[{"href":"http:\/\/www.ricosyfamosos.org\/index.php\/wp-json\/wp\/v2\/media?parent=10320"}],"wp:term":[{"taxonomy":"category","embeddable":true,"href":"http:\/\/www.ricosyfamosos.org\/index.php\/wp-json\/wp\/v2\/categories?post=10320"},{"taxonomy":"post_tag","embeddable":true,"href":"http:\/\/www.ricosyfamosos.org\/index.php\/wp-json\/wp\/v2\/tags?post=10320"}],"curies":[{"name":"wp","href":"https:\/\/api.w.org\/{rel}","templated":true}]}}