{"id":12,"date":"2007-01-18T20:46:22","date_gmt":"2007-01-19T02:46:22","guid":{"rendered":"http:\/\/www.ricosyfamosos.org\/index.php\/2007\/01\/18\/usher-fue-encontrado-culpable\/"},"modified":"2008-09-19T11:21:42","modified_gmt":"2008-09-19T17:21:42","slug":"usher-fue-encontrado-culpable","status":"publish","type":"post","link":"http:\/\/www.ricosyfamosos.org\/index.php\/2007\/01\/18\/usher-fue-encontrado-culpable\/","title":{"rendered":"Usher fu\u00e9 encontrado culpable"},"content":{"rendered":"<p><a href='http:\/\/www.ricosyfamosos.org\/wp-content\/uploads\/2007\/01\/usher.jpg' title='Usher'><img src='http:\/\/www.ricosyfamosos.org\/wp-content\/uploads\/2007\/01\/usher.jpg' alt='Usher' \/><\/a><\/p>\n<p>El cantante norteamericano <strong>Usher<\/strong> fu\u00e9 encontrado culpable por el incidente ocurrido el pasado 4 de Julio, cuando se lo detect\u00f3 conduciendo a una alta velocidad no permitida en la Autopista 75.<br \/>\nEl Martes se present\u00f3 ante el Juez, pag\u00f3 una fianza de $425 d\u00f3lares y ahora <strong>Usher<\/strong> tendr\u00e1 que cumplir con 20 horas de trabajo comunitario.<\/p>\n<p>La Web Oficial de Usher: <a href=\"http:\/\/www.usherworld.com\/\" target=\"blank\">Usher World<\/a><\/p>\n","protected":false},"excerpt":{"rendered":"<p>El cantante norteamericano Usher fu\u00e9 encontrado culpable por el incidente ocurrido el pasado 4 de Julio, cuando se lo detect\u00f3 conduciendo a una alta velocidad no permitida en la Autopista 75. El Martes se present\u00f3 ante el Juez, pag\u00f3 una fianza de $425 d\u00f3lares y ahora Usher tendr\u00e1 que cumplir con 20 horas de trabajo [&hellip;]<\/p>\n","protected":false},"author":1,"featured_media":0,"comment_status":"open","ping_status":"open","sticky":false,"template":"","format":"standard","meta":{"footnotes":""},"categories":[28,33,40,36,32],"tags":[328],"class_list":["post-12","post","type-post","status-publish","format-standard","hentry","category-celebrity-ooopss","category-noticias-de-cantantes","category-noticias-de-musica","category-noticias-de-television","category-noticias-generales","tag-usher"],"aioseo_notices":[],"_links":{"self":[{"href":"http:\/\/www.ricosyfamosos.org\/index.php\/wp-json\/wp\/v2\/posts\/12","targetHints":{"allow":["GET"]}}],"collection":[{"href":"http:\/\/www.ricosyfamosos.org\/index.php\/wp-json\/wp\/v2\/posts"}],"about":[{"href":"http:\/\/www.ricosyfamosos.org\/index.php\/wp-json\/wp\/v2\/types\/post"}],"author":[{"embeddable":true,"href":"http:\/\/www.ricosyfamosos.org\/index.php\/wp-json\/wp\/v2\/users\/1"}],"replies":[{"embeddable":true,"href":"http:\/\/www.ricosyfamosos.org\/index.php\/wp-json\/wp\/v2\/comments?post=12"}],"version-history":[{"count":0,"href":"http:\/\/www.ricosyfamosos.org\/index.php\/wp-json\/wp\/v2\/posts\/12\/revisions"}],"wp:attachment":[{"href":"http:\/\/www.ricosyfamosos.org\/index.php\/wp-json\/wp\/v2\/media?parent=12"}],"wp:term":[{"taxonomy":"category","embeddable":true,"href":"http:\/\/www.ricosyfamosos.org\/index.php\/wp-json\/wp\/v2\/categories?post=12"},{"taxonomy":"post_tag","embeddable":true,"href":"http:\/\/www.ricosyfamosos.org\/index.php\/wp-json\/wp\/v2\/tags?post=12"}],"curies":[{"name":"wp","href":"https:\/\/api.w.org\/{rel}","templated":true}]}}