{"id":1200,"date":"2009-01-20T07:50:59","date_gmt":"2009-01-20T13:50:59","guid":{"rendered":"http:\/\/www.ricosyfamosos.org\/?p=1200"},"modified":"2009-01-21T16:56:40","modified_gmt":"2009-01-21T22:56:40","slug":"enrique-iglesias-y-anna-kournikova-no-estan-en-la-dulce-espera","status":"publish","type":"post","link":"http:\/\/www.ricosyfamosos.org\/index.php\/2009\/01\/20\/enrique-iglesias-y-anna-kournikova-no-estan-en-la-dulce-espera\/","title":{"rendered":"Enrique Iglesias y Anna Kournikova no est\u00e1n en la dulce espera"},"content":{"rendered":"<div align=\"center\"><img loading=\"lazy\" decoding=\"async\" src=\"http:\/\/www.ricosyfamosos.org\/wp-content\/uploads\/2009\/01\/enrique-iglesias-01.jpg\" alt=\"enrique-iglesias-01\" title=\"enrique-iglesias-01\" width=\"300\" height=\"400\" class=\"aligncenter size-full wp-image-1201\" \/><\/div>\n<p><\/br><\/p>\n<div align=\"justify\">El cantante espa\u00f1ol, <strong>Enrique Iglesias<\/strong> solt\u00f3 una carcajada al ser entrevistado telef\u00f3nicamente desde Los Angeles por un programa de la cadena Univisi\u00f3n, el cual fue posteriormente reproducido por las revista Quien.<br \/>\nSeg\u00fan el mismo artista, \u00e9l no dijo absolutamente nada al respecto sobre el asunto del presunto embarazo. El mismo comenzo como un rumor, motivado por una foto de Anna con una amplia camiseta que deja entrever una pancita, el cual no tardo en causar furor en los tabloides de todo el mundo.<br \/>\n<strong>Iglesias<\/strong>, de 33 a\u00f1os, en una reciente entrevista en Miami con el peruano Jaime Bayly, hablo acerca de su relaci\u00f3n con <strong>Kournikova<\/strong>, caracteriz\u00e1ndola de \u00abestable\u00bb y \u00abat\u00edpica\u00bb, debido a los constantes viajes de trabajo de ambos, suelen verse tres veces en un mes. De todos modos aclara que ya est\u00e1n habituados y conformes con esta situaci\u00f3n, lo cual es claro ya que llevan m\u00e1s de seis a\u00f1os de relaci\u00f3n.<br \/>\nDe todos modos, seg\u00fan sus propias declaraciones ser\u00e1 sol\u00f3 cuesti\u00f3n de tiempo ya que le gustar\u00eda formar familia pero no se encuentra listo.<br \/>\nSer\u00e1 que se prender\u00e1n al baby boom???<\/div>\n<p><\/br><br \/>\n<strong>Ver m\u00e1s noticias relacionadas con Enrique Iglesias<\/strong>:<br \/>\n<a href=\"http:\/\/www.ricosyfamosos.org\/index.php\/2009\/01\/12\/anna-kournikova-estaria-embarazada\/\" target=\"_blank\"><strong>Enrique Iglesias ser\u00e1 pap\u00e1??<\/strong><\/a><\/p>\n","protected":false},"excerpt":{"rendered":"<p>El cantante espa\u00f1ol, Enrique Iglesias solt\u00f3 una carcajada al ser entrevistado telef\u00f3nicamente desde Los Angeles por un programa de la cadena Univisi\u00f3n, el cual fue posteriormente reproducido por las revista Quien. Seg\u00fan el mismo artista, \u00e9l no dijo absolutamente nada al respecto sobre el asunto del presunto embarazo. El mismo comenzo como un rumor, motivado [&hellip;]<\/p>\n","protected":false},"author":3,"featured_media":0,"comment_status":"open","ping_status":"open","sticky":false,"template":"","format":"standard","meta":{"footnotes":""},"categories":[33,32],"tags":[623,515,622],"class_list":["post-1200","post","type-post","status-publish","format-standard","hentry","category-noticias-de-cantantes","category-noticias-generales","tag-embarazada","tag-enrique-iglesias","tag-enrique-iglesias-y-anna-kournikova"],"aioseo_notices":[],"_links":{"self":[{"href":"http:\/\/www.ricosyfamosos.org\/index.php\/wp-json\/wp\/v2\/posts\/1200","targetHints":{"allow":["GET"]}}],"collection":[{"href":"http:\/\/www.ricosyfamosos.org\/index.php\/wp-json\/wp\/v2\/posts"}],"about":[{"href":"http:\/\/www.ricosyfamosos.org\/index.php\/wp-json\/wp\/v2\/types\/post"}],"author":[{"embeddable":true,"href":"http:\/\/www.ricosyfamosos.org\/index.php\/wp-json\/wp\/v2\/users\/3"}],"replies":[{"embeddable":true,"href":"http:\/\/www.ricosyfamosos.org\/index.php\/wp-json\/wp\/v2\/comments?post=1200"}],"version-history":[{"count":0,"href":"http:\/\/www.ricosyfamosos.org\/index.php\/wp-json\/wp\/v2\/posts\/1200\/revisions"}],"wp:attachment":[{"href":"http:\/\/www.ricosyfamosos.org\/index.php\/wp-json\/wp\/v2\/media?parent=1200"}],"wp:term":[{"taxonomy":"category","embeddable":true,"href":"http:\/\/www.ricosyfamosos.org\/index.php\/wp-json\/wp\/v2\/categories?post=1200"},{"taxonomy":"post_tag","embeddable":true,"href":"http:\/\/www.ricosyfamosos.org\/index.php\/wp-json\/wp\/v2\/tags?post=1200"}],"curies":[{"name":"wp","href":"https:\/\/api.w.org\/{rel}","templated":true}]}}