{"id":1365,"date":"2009-01-26T13:30:54","date_gmt":"2009-01-26T19:30:54","guid":{"rendered":"http:\/\/www.ricosyfamosos.org\/?p=1365"},"modified":"2009-01-26T13:33:44","modified_gmt":"2009-01-26T19:33:44","slug":"victoria-posh-beckham-conflictuada-con-su-cola","status":"publish","type":"post","link":"http:\/\/www.ricosyfamosos.org\/index.php\/2009\/01\/26\/victoria-posh-beckham-conflictuada-con-su-cola\/","title":{"rendered":"Victoria Posh Beckham conflictuada con su cola"},"content":{"rendered":"<div align=\"center\"><img loading=\"lazy\" decoding=\"async\" src=\"http:\/\/www.ricosyfamosos.org\/wp-content\/uploads\/2009\/01\/victoria-conflictuada-con-su-cola01.jpg\" alt=\"victoria-conflictuada-con-su-cola01\" title=\"victoria-conflictuada-con-su-cola01\" width=\"300\" height=\"400\" class=\"aligncenter size-full wp-image-1368\" \/><\/div>\n<p><\/br><\/p>\n<div align=\"justify\">La espigada cantante y dise\u00f1adora <strong>Victoria Beckham <\/strong>est\u00e1 acomplejada con su cola y su panza, seg\u00fan dice ella debido a los numeroso embarazos que tuvo y las cicatrices que le quedaron de los mismos. <\/div>\n<p><!--more--><\/p>\n<div align=\"justify\">Para la reciente producci\u00f3n con Armani, la sexy mam\u00e1 pidi\u00f3 que no se resalten ninguna de esas partes.<br \/>\nA pesar de los traumas de esta celebrity, todos los dise\u00f1adores quieren trabajar con ella asique tan mal seguro que no esta!!<\/div>\n<p><\/br><br \/>\n<strong>Ver m\u00e1s noticias relacionadas con Victoria Beckham<\/strong>:<br \/>\n<a href=\"http:\/\/www.ricosyfamosos.org\/index.php\/2009\/01\/19\/desnudo-de-victoria-beckham-para-armani\/\" target=\"_blank\"><strong>Victoria para Armani<\/strong><\/a><\/p>\n","protected":false},"excerpt":{"rendered":"<p>La espigada cantante y dise\u00f1adora Victoria Beckham est\u00e1 acomplejada con su cola y su panza, seg\u00fan dice ella debido a los numeroso embarazos que tuvo y las cicatrices que le quedaron de los mismos.<\/p>\n","protected":false},"author":3,"featured_media":0,"comment_status":"open","ping_status":"open","sticky":false,"template":"","format":"standard","meta":{"footnotes":""},"categories":[33,40,32],"tags":[654,225],"class_list":["post-1365","post","type-post","status-publish","format-standard","hentry","category-noticias-de-cantantes","category-noticias-de-musica","category-noticias-generales","tag-produccion-armani","tag-victoria-beckham"],"aioseo_notices":[],"_links":{"self":[{"href":"http:\/\/www.ricosyfamosos.org\/index.php\/wp-json\/wp\/v2\/posts\/1365","targetHints":{"allow":["GET"]}}],"collection":[{"href":"http:\/\/www.ricosyfamosos.org\/index.php\/wp-json\/wp\/v2\/posts"}],"about":[{"href":"http:\/\/www.ricosyfamosos.org\/index.php\/wp-json\/wp\/v2\/types\/post"}],"author":[{"embeddable":true,"href":"http:\/\/www.ricosyfamosos.org\/index.php\/wp-json\/wp\/v2\/users\/3"}],"replies":[{"embeddable":true,"href":"http:\/\/www.ricosyfamosos.org\/index.php\/wp-json\/wp\/v2\/comments?post=1365"}],"version-history":[{"count":0,"href":"http:\/\/www.ricosyfamosos.org\/index.php\/wp-json\/wp\/v2\/posts\/1365\/revisions"}],"wp:attachment":[{"href":"http:\/\/www.ricosyfamosos.org\/index.php\/wp-json\/wp\/v2\/media?parent=1365"}],"wp:term":[{"taxonomy":"category","embeddable":true,"href":"http:\/\/www.ricosyfamosos.org\/index.php\/wp-json\/wp\/v2\/categories?post=1365"},{"taxonomy":"post_tag","embeddable":true,"href":"http:\/\/www.ricosyfamosos.org\/index.php\/wp-json\/wp\/v2\/tags?post=1365"}],"curies":[{"name":"wp","href":"https:\/\/api.w.org\/{rel}","templated":true}]}}