{"id":1926,"date":"2009-04-21T21:21:46","date_gmt":"2009-04-22T03:21:46","guid":{"rendered":"http:\/\/www.ricosyfamosos.org\/?p=1926"},"modified":"2009-04-21T21:21:46","modified_gmt":"2009-04-22T03:21:46","slug":"joss-stone-mostro-las-bragas","status":"publish","type":"post","link":"http:\/\/www.ricosyfamosos.org\/index.php\/2009\/04\/21\/joss-stone-mostro-las-bragas\/","title":{"rendered":"Joss Stone mostr\u00f3 las bragas"},"content":{"rendered":"<div align=\"center\"><img loading=\"lazy\" decoding=\"async\" src=\"http:\/\/www.ricosyfamosos.org\/wp-content\/uploads\/2009\/04\/joss-stone-3-450x270.jpg\" alt=\"joss-stone-3\" title=\"joss-stone-3\" width=\"450\" height=\"270\" class=\"aligncenter size-medium wp-image-1929\" srcset=\"http:\/\/www.ricosyfamosos.org\/wp-content\/uploads\/2009\/04\/joss-stone-3-450x270.jpg 450w, http:\/\/www.ricosyfamosos.org\/wp-content\/uploads\/2009\/04\/joss-stone-3.jpg 600w\" sizes=\"auto, (max-width: 450px) 100vw, 450px\" \/><\/div>\n<p><\/p>\n<div align=\"justify\">La cantante brit\u00e1nica <strong>Joss Stone<\/strong> les mostr\u00f3 a todos sus bragas en su \u00fatlimo concierto en Coachella.<br \/>\nEl concierto fue al aire libre, y el viento le jug\u00f3 una mala pasada a la cantante que asisti\u00f3 con unvestido blanco muy corto. En un momento se le levant\u00f3 y dej\u00f3 al descubierto sus bragas&#8230;<br \/>\nChicas ya saben, si se ponen vestidos cortos que puedan ser peligrosos con vientos a cuidarse!!!<\/div>\n<p><\/p>\n<div align=\"center\"><img loading=\"lazy\" decoding=\"async\" src=\"http:\/\/www.ricosyfamosos.org\/wp-content\/uploads\/2009\/04\/joss-stone-2.jpg\" alt=\"joss-stone-2\" title=\"joss-stone-2\" width=\"305\" height=\"360\" class=\"aligncenter size-full wp-image-1928\" \/><\/div>\n<p><\/p>\n","protected":false},"excerpt":{"rendered":"<p>La cantante brit\u00e1nica Joss Stone les mostr\u00f3 a todos sus bragas en su \u00fatlimo concierto en Coachella. El concierto fue al aire libre, y el viento le jug\u00f3 una mala pasada a la cantante que asisti\u00f3 con unvestido blanco muy corto. En un momento se le levant\u00f3 y dej\u00f3 al descubierto sus bragas&#8230; Chicas ya [&hellip;]<\/p>\n","protected":false},"author":1,"featured_media":0,"comment_status":"open","ping_status":"open","sticky":false,"template":"","format":"standard","meta":{"footnotes":""},"categories":[28,50,33,40,32],"tags":[759],"class_list":["post-1926","post","type-post","status-publish","format-standard","hentry","category-celebrity-ooopss","category-fotos-de-famosas","category-noticias-de-cantantes","category-noticias-de-musica","category-noticias-generales","tag-joss-stone"],"aioseo_notices":[],"_links":{"self":[{"href":"http:\/\/www.ricosyfamosos.org\/index.php\/wp-json\/wp\/v2\/posts\/1926","targetHints":{"allow":["GET"]}}],"collection":[{"href":"http:\/\/www.ricosyfamosos.org\/index.php\/wp-json\/wp\/v2\/posts"}],"about":[{"href":"http:\/\/www.ricosyfamosos.org\/index.php\/wp-json\/wp\/v2\/types\/post"}],"author":[{"embeddable":true,"href":"http:\/\/www.ricosyfamosos.org\/index.php\/wp-json\/wp\/v2\/users\/1"}],"replies":[{"embeddable":true,"href":"http:\/\/www.ricosyfamosos.org\/index.php\/wp-json\/wp\/v2\/comments?post=1926"}],"version-history":[{"count":0,"href":"http:\/\/www.ricosyfamosos.org\/index.php\/wp-json\/wp\/v2\/posts\/1926\/revisions"}],"wp:attachment":[{"href":"http:\/\/www.ricosyfamosos.org\/index.php\/wp-json\/wp\/v2\/media?parent=1926"}],"wp:term":[{"taxonomy":"category","embeddable":true,"href":"http:\/\/www.ricosyfamosos.org\/index.php\/wp-json\/wp\/v2\/categories?post=1926"},{"taxonomy":"post_tag","embeddable":true,"href":"http:\/\/www.ricosyfamosos.org\/index.php\/wp-json\/wp\/v2\/tags?post=1926"}],"curies":[{"name":"wp","href":"https:\/\/api.w.org\/{rel}","templated":true}]}}