{"id":3134,"date":"2009-07-27T08:38:20","date_gmt":"2009-07-27T14:38:20","guid":{"rendered":"http:\/\/www.ricosyfamosos.org\/?p=3134"},"modified":"2009-07-27T08:38:20","modified_gmt":"2009-07-27T14:38:20","slug":"nelly-furtado-lanza-un-disco-en-espanol","status":"publish","type":"post","link":"http:\/\/www.ricosyfamosos.org\/index.php\/2009\/07\/27\/nelly-furtado-lanza-un-disco-en-espanol\/","title":{"rendered":"Nelly Furtado lanza un disco en espa\u00f1ol"},"content":{"rendered":"<div align=\"center\"><img loading=\"lazy\" decoding=\"async\" src=\"http:\/\/www.ricosyfamosos.org\/wp-content\/uploads\/2009\/07\/nelly-furtado-lanza-un-disco-en-espanol-01-450x281.jpg\" alt=\"nelly-furtado-lanza-un-disco-en-espanol-01\" title=\"nelly-furtado-lanza-un-disco-en-espanol-01\" width=\"450\" height=\"281\" class=\"aligncenter size-medium wp-image-3135\" srcset=\"http:\/\/www.ricosyfamosos.org\/wp-content\/uploads\/2009\/07\/nelly-furtado-lanza-un-disco-en-espanol-01-450x281.jpg 450w, http:\/\/www.ricosyfamosos.org\/wp-content\/uploads\/2009\/07\/nelly-furtado-lanza-un-disco-en-espanol-01.jpg 600w\" sizes=\"auto, (max-width: 450px) 100vw, 450px\" \/><\/div>\n<p><\/p>\n<div align=\"justify\"><strong>Nelly Furtado<\/strong> es otra de las cantantes que vuelve a los escenarios con un nuevo disco. S\u00f3lo que esta vez, la bella morena decidi\u00f3 grabar un disco \u00edntegramente en espa\u00f1ol.<br \/>\nLa nueva placa titulada \u00abMi plan\u00bb, llegar\u00e1 a las disquer\u00edas en setiembre pr\u00f3ximo y para \u00e9l, la cantante cont\u00f3 con la colaboraci\u00f3n de artistas reconocidos como Juan Luis Guerra, Alejandro Fern\u00e1ndez, Concha Buika, Julieta Venegas, La Mala Rodr\u00edguez y Javier Lim\u00f3n.<br \/>\n<strong>Nelly Furtado<\/strong> ha afirmado que \u00abeste a\u00f1o ha sido el mejor de su vida\u00bb haciendo referencia al proceso creativo y de grabaci\u00f3n de este nuevo trabajo.<br \/>\nDeberemos esperar para escuchar algo de este nuevo trabajo&#8230;<\/div>\n<p><\/p>\n","protected":false},"excerpt":{"rendered":"<p>Nelly Furtado es otra de las cantantes que vuelve a los escenarios con un nuevo disco. S\u00f3lo que esta vez, la bella morena decidi\u00f3 grabar un disco \u00edntegramente en espa\u00f1ol. La nueva placa titulada \u00abMi plan\u00bb, llegar\u00e1 a las disquer\u00edas en setiembre pr\u00f3ximo y para \u00e9l, la cantante cont\u00f3 con la colaboraci\u00f3n de artistas reconocidos [&hellip;]<\/p>\n","protected":false},"author":1,"featured_media":0,"comment_status":"open","ping_status":"open","sticky":false,"template":"","format":"standard","meta":{"footnotes":""},"categories":[33,40,32],"tags":[988],"class_list":["post-3134","post","type-post","status-publish","format-standard","hentry","category-noticias-de-cantantes","category-noticias-de-musica","category-noticias-generales","tag-nelly-furtado"],"aioseo_notices":[],"_links":{"self":[{"href":"http:\/\/www.ricosyfamosos.org\/index.php\/wp-json\/wp\/v2\/posts\/3134","targetHints":{"allow":["GET"]}}],"collection":[{"href":"http:\/\/www.ricosyfamosos.org\/index.php\/wp-json\/wp\/v2\/posts"}],"about":[{"href":"http:\/\/www.ricosyfamosos.org\/index.php\/wp-json\/wp\/v2\/types\/post"}],"author":[{"embeddable":true,"href":"http:\/\/www.ricosyfamosos.org\/index.php\/wp-json\/wp\/v2\/users\/1"}],"replies":[{"embeddable":true,"href":"http:\/\/www.ricosyfamosos.org\/index.php\/wp-json\/wp\/v2\/comments?post=3134"}],"version-history":[{"count":0,"href":"http:\/\/www.ricosyfamosos.org\/index.php\/wp-json\/wp\/v2\/posts\/3134\/revisions"}],"wp:attachment":[{"href":"http:\/\/www.ricosyfamosos.org\/index.php\/wp-json\/wp\/v2\/media?parent=3134"}],"wp:term":[{"taxonomy":"category","embeddable":true,"href":"http:\/\/www.ricosyfamosos.org\/index.php\/wp-json\/wp\/v2\/categories?post=3134"},{"taxonomy":"post_tag","embeddable":true,"href":"http:\/\/www.ricosyfamosos.org\/index.php\/wp-json\/wp\/v2\/tags?post=3134"}],"curies":[{"name":"wp","href":"https:\/\/api.w.org\/{rel}","templated":true}]}}