{"id":3428,"date":"2009-08-13T06:09:20","date_gmt":"2009-08-13T12:09:20","guid":{"rendered":"http:\/\/www.ricosyfamosos.org\/?p=3428"},"modified":"2009-08-13T06:09:20","modified_gmt":"2009-08-13T12:09:20","slug":"milla-jovovich-poso-para-maxim","status":"publish","type":"post","link":"http:\/\/www.ricosyfamosos.org\/index.php\/2009\/08\/13\/milla-jovovich-poso-para-maxim\/","title":{"rendered":"Milla Jovovich pos\u00f3 para Maxim"},"content":{"rendered":"<div align=\"center\"><img loading=\"lazy\" decoding=\"async\" src=\"http:\/\/www.ricosyfamosos.org\/wp-content\/uploads\/2009\/08\/milla-jovovich-poso-para-maxim-01.jpg\" alt=\"milla-jovovich-poso-para-maxim-01\" title=\"milla-jovovich-poso-para-maxim-01\" width=\"450\" height=\"622\" class=\"aligncenter size-full wp-image-3429\" \/><\/div>\n<p><\/p>\n<div align=\"justify\">La actriz que se hizo conocida por su protag\u00f3nico junto a Bruce Willis en \u00abEl quinto elemento\u00bb, <strong>Milla Jovovich<\/strong> es tapa de la nueva revista Maxim de setiembre.<br \/>\nCon la belleza y sensualidad que la caracteriza, <strong>Milla Jovovich<\/strong> no s\u00f3lo dej\u00f3 a todos con la boca abierta y algo m\u00e1s&#8230; en la sesi\u00f3n de fotos sino que dejar\u00e1 a todos los seguidores de la revista con ganas de m\u00e1s.<br \/>\nUnas fotos maravillosas de una hermosa mujer&#8230;.L\u00e1stima que no podamos verla m\u00e1s seguido en la pantalla&#8230;<br \/>\nLes dejamos las fotos de la entrevista para Maxim.<\/div>\n<p><\/p>\n<p><!--more--><\/p>\n<div align=\"center\"><img loading=\"lazy\" decoding=\"async\" src=\"http:\/\/www.ricosyfamosos.org\/wp-content\/uploads\/2009\/08\/milla-jovovich-poso-para-maxim-02.jpg\" alt=\"milla-jovovich-poso-para-maxim-02\" title=\"milla-jovovich-poso-para-maxim-02\" width=\"450\" height=\"626\" class=\"aligncenter size-full wp-image-3430\" \/><\/div>\n<p><\/p>\n<div align=\"center\"><img loading=\"lazy\" decoding=\"async\" src=\"http:\/\/www.ricosyfamosos.org\/wp-content\/uploads\/2009\/08\/milla-jovovich-poso-para-maxim-03.jpg\" alt=\"milla-jovovich-poso-para-maxim-03\" title=\"milla-jovovich-poso-para-maxim-03\" width=\"450\" height=\"632\" class=\"aligncenter size-full wp-image-3431\" \/><\/div>\n<p><\/p>\n<div align=\"center\"><img loading=\"lazy\" decoding=\"async\" src=\"http:\/\/www.ricosyfamosos.org\/wp-content\/uploads\/2009\/08\/milla-jovovich-poso-para-maxim-04-450x280.jpg\" alt=\"milla-jovovich-poso-para-maxim-04\" title=\"milla-jovovich-poso-para-maxim-04\" width=\"450\" height=\"280\" class=\"aligncenter size-medium wp-image-3432\" srcset=\"http:\/\/www.ricosyfamosos.org\/wp-content\/uploads\/2009\/08\/milla-jovovich-poso-para-maxim-04-450x280.jpg 450w, http:\/\/www.ricosyfamosos.org\/wp-content\/uploads\/2009\/08\/milla-jovovich-poso-para-maxim-04.jpg 750w\" sizes=\"auto, (max-width: 450px) 100vw, 450px\" \/><\/div>\n<p><\/p>\n<div align=\"center\"><img loading=\"lazy\" decoding=\"async\" src=\"http:\/\/www.ricosyfamosos.org\/wp-content\/uploads\/2009\/08\/milla-jovovich-poso-para-maxim-05-450x627.jpg\" alt=\"milla-jovovich-poso-para-maxim-05\" title=\"milla-jovovich-poso-para-maxim-05\" width=\"450\" height=\"627\" class=\"aligncenter size-medium wp-image-3433\" srcset=\"http:\/\/www.ricosyfamosos.org\/wp-content\/uploads\/2009\/08\/milla-jovovich-poso-para-maxim-05-450x627.jpg 450w, http:\/\/www.ricosyfamosos.org\/wp-content\/uploads\/2009\/08\/milla-jovovich-poso-para-maxim-05-734x1024.jpg 734w, http:\/\/www.ricosyfamosos.org\/wp-content\/uploads\/2009\/08\/milla-jovovich-poso-para-maxim-05.jpg 750w\" sizes=\"auto, (max-width: 450px) 100vw, 450px\" \/><\/div>\n<p><\/p>\n<div align=\"center\"><img loading=\"lazy\" decoding=\"async\" src=\"http:\/\/www.ricosyfamosos.org\/wp-content\/uploads\/2009\/08\/milla-jovovich-poso-para-maxim-06-450x626.jpg\" alt=\"milla-jovovich-poso-para-maxim-06\" title=\"milla-jovovich-poso-para-maxim-06\" width=\"450\" height=\"626\" class=\"aligncenter size-medium wp-image-3434\" srcset=\"http:\/\/www.ricosyfamosos.org\/wp-content\/uploads\/2009\/08\/milla-jovovich-poso-para-maxim-06-450x626.jpg 450w, http:\/\/www.ricosyfamosos.org\/wp-content\/uploads\/2009\/08\/milla-jovovich-poso-para-maxim-06-735x1024.jpg 735w, http:\/\/www.ricosyfamosos.org\/wp-content\/uploads\/2009\/08\/milla-jovovich-poso-para-maxim-06.jpg 750w\" sizes=\"auto, (max-width: 450px) 100vw, 450px\" \/><\/div>\n<p><\/p>\n<p>Fotos: Maxim.com<\/p>\n","protected":false},"excerpt":{"rendered":"<p>La actriz que se hizo conocida por su protag\u00f3nico junto a Bruce Willis en \u00abEl quinto elemento\u00bb, Milla Jovovich es tapa de la nueva revista Maxim de setiembre. Con la belleza y sensualidad que la caracteriza, Milla Jovovich no s\u00f3lo dej\u00f3 a todos con la boca abierta y algo m\u00e1s&#8230; en la sesi\u00f3n de fotos [&hellip;]<\/p>\n","protected":false},"author":1,"featured_media":0,"comment_status":"open","ping_status":"open","sticky":false,"template":"","format":"standard","meta":{"footnotes":""},"categories":[50,31,32],"tags":[249],"class_list":["post-3428","post","type-post","status-publish","format-standard","hentry","category-fotos-de-famosas","category-noticias-de-actrices","category-noticias-generales","tag-milla-jovovich"],"aioseo_notices":[],"_links":{"self":[{"href":"http:\/\/www.ricosyfamosos.org\/index.php\/wp-json\/wp\/v2\/posts\/3428","targetHints":{"allow":["GET"]}}],"collection":[{"href":"http:\/\/www.ricosyfamosos.org\/index.php\/wp-json\/wp\/v2\/posts"}],"about":[{"href":"http:\/\/www.ricosyfamosos.org\/index.php\/wp-json\/wp\/v2\/types\/post"}],"author":[{"embeddable":true,"href":"http:\/\/www.ricosyfamosos.org\/index.php\/wp-json\/wp\/v2\/users\/1"}],"replies":[{"embeddable":true,"href":"http:\/\/www.ricosyfamosos.org\/index.php\/wp-json\/wp\/v2\/comments?post=3428"}],"version-history":[{"count":0,"href":"http:\/\/www.ricosyfamosos.org\/index.php\/wp-json\/wp\/v2\/posts\/3428\/revisions"}],"wp:attachment":[{"href":"http:\/\/www.ricosyfamosos.org\/index.php\/wp-json\/wp\/v2\/media?parent=3428"}],"wp:term":[{"taxonomy":"category","embeddable":true,"href":"http:\/\/www.ricosyfamosos.org\/index.php\/wp-json\/wp\/v2\/categories?post=3428"},{"taxonomy":"post_tag","embeddable":true,"href":"http:\/\/www.ricosyfamosos.org\/index.php\/wp-json\/wp\/v2\/tags?post=3428"}],"curies":[{"name":"wp","href":"https:\/\/api.w.org\/{rel}","templated":true}]}}