{"id":3795,"date":"2009-09-14T10:04:19","date_gmt":"2009-09-14T16:04:19","guid":{"rendered":"http:\/\/www.ricosyfamosos.org\/?p=3795"},"modified":"2009-09-14T10:04:34","modified_gmt":"2009-09-14T16:04:34","slug":"el-look-de-katy-perry-para-los-vmas-2009","status":"publish","type":"post","link":"http:\/\/www.ricosyfamosos.org\/index.php\/2009\/09\/14\/el-look-de-katy-perry-para-los-vmas-2009\/","title":{"rendered":"El look de Katy Perry para los VMAs 2009"},"content":{"rendered":"<div align=\"center\"><img loading=\"lazy\" decoding=\"async\" src=\"http:\/\/www.ricosyfamosos.org\/wp-content\/uploads\/2009\/09\/el-look-de-katy-perry-para-los-vmas-2009-01.jpg\" alt=\"El look de Katy Perry para los VMAs 2009 01\" title=\"El look de Katy Perry para los VMAs 2009 01\" width=\"450\" height=\"675\" class=\"aligncenter size-full wp-image-3796\" \/><\/div>\n<p><\/p>\n<div align=\"justify\">Se realizaron los <strong>VMAs 2009<\/strong>, y adem\u00e1s de sorpresas agradables y desagradables, el centro de atenci\u00f3n fueron las mujeres y sus atuendos.<br \/>\nUn de looks que m\u00e1s sobresalieron fue el de la cantante <strong>Katy Perry<\/strong>, que no s\u00f3lo era original sino que el que sentara a su lado tuvo que tener cuidado&#8230;.Las filosas puntas pod\u00edan provocar un accidente!.<br \/>\nNo obstante lo anterior, el look de <strong>Katy Perry<\/strong> fue uno de los m\u00e1s elogiados de la noche. Qu\u00e9 opinan de su look??<\/div>\n<p>\n<!--more--><\/p>\n<div align=\"center\"><img loading=\"lazy\" decoding=\"async\" src=\"http:\/\/www.ricosyfamosos.org\/wp-content\/uploads\/2009\/09\/el-look-de-katy-perry-para-los-vmas-2009-02.jpg\" alt=\"El look de Katy Perry para los VMAs 2009 02\" title=\"El look de Katy Perry para los VMAs 2009 02\" width=\"450\" height=\"675\" class=\"aligncenter size-full wp-image-3797\" \/><\/div>\n<p><\/p>\n<div align=\"center\"><img loading=\"lazy\" decoding=\"async\" src=\"http:\/\/www.ricosyfamosos.org\/wp-content\/uploads\/2009\/09\/el-look-de-katy-perry-para-los-vmas-2009-03.jpg\" alt=\"El look de Katy Perry para los VMAs 2009 03\" title=\"El look de Katy Perry para los VMAs 2009 03\" width=\"450\" height=\"675\" class=\"alignnone size-medium wp-image-3798\" \/><\/div>\n<p><\/p>\n<div align=\"center\"><img loading=\"lazy\" decoding=\"async\" src=\"http:\/\/www.ricosyfamosos.org\/wp-content\/uploads\/2009\/09\/el-look-de-katy-perry-para-los-vmas-2009-04.jpg\" alt=\"El look de Katy Perry para los VMAs 2009 04\" title=\"El look de Katy Perry para los VMAs 2009 04\" width=\"450\" height=\"675\" class=\"aligncenter size-full wp-image-3799\" \/><\/div>\n<p><\/p>\n<div align=\"center\"><img loading=\"lazy\" decoding=\"async\" src=\"http:\/\/www.ricosyfamosos.org\/wp-content\/uploads\/2009\/09\/el-look-de-katy-perry-para-los-vmas-2009-05.jpg\" alt=\"El look de Katy Perry para los VMAs 2009 05\" title=\"El look de Katy Perry para los VMAs 2009 05\" width=\"450\" height=\"675\" class=\"aligncenter size-full wp-image-3800\" \/><\/div>\n<p><\/p>\n<p>Fotos: Splashnewsonline, TheSuperficial<\/p>\n","protected":false},"excerpt":{"rendered":"<p>Se realizaron los VMAs 2009, y adem\u00e1s de sorpresas agradables y desagradables, el centro de atenci\u00f3n fueron las mujeres y sus atuendos. Un de looks que m\u00e1s sobresalieron fue el de la cantante Katy Perry, que no s\u00f3lo era original sino que el que sentara a su lado tuvo que tener cuidado&#8230;.Las filosas puntas pod\u00edan [&hellip;]<\/p>\n","protected":false},"author":1,"featured_media":0,"comment_status":"open","ping_status":"open","sticky":false,"template":"","format":"standard","meta":{"footnotes":""},"categories":[50,33,40,36,32],"tags":[630,1024],"class_list":["post-3795","post","type-post","status-publish","format-standard","hentry","category-fotos-de-famosas","category-noticias-de-cantantes","category-noticias-de-musica","category-noticias-de-television","category-noticias-generales","tag-katy-perry","tag-vmas-2009"],"aioseo_notices":[],"_links":{"self":[{"href":"http:\/\/www.ricosyfamosos.org\/index.php\/wp-json\/wp\/v2\/posts\/3795","targetHints":{"allow":["GET"]}}],"collection":[{"href":"http:\/\/www.ricosyfamosos.org\/index.php\/wp-json\/wp\/v2\/posts"}],"about":[{"href":"http:\/\/www.ricosyfamosos.org\/index.php\/wp-json\/wp\/v2\/types\/post"}],"author":[{"embeddable":true,"href":"http:\/\/www.ricosyfamosos.org\/index.php\/wp-json\/wp\/v2\/users\/1"}],"replies":[{"embeddable":true,"href":"http:\/\/www.ricosyfamosos.org\/index.php\/wp-json\/wp\/v2\/comments?post=3795"}],"version-history":[{"count":0,"href":"http:\/\/www.ricosyfamosos.org\/index.php\/wp-json\/wp\/v2\/posts\/3795\/revisions"}],"wp:attachment":[{"href":"http:\/\/www.ricosyfamosos.org\/index.php\/wp-json\/wp\/v2\/media?parent=3795"}],"wp:term":[{"taxonomy":"category","embeddable":true,"href":"http:\/\/www.ricosyfamosos.org\/index.php\/wp-json\/wp\/v2\/categories?post=3795"},{"taxonomy":"post_tag","embeddable":true,"href":"http:\/\/www.ricosyfamosos.org\/index.php\/wp-json\/wp\/v2\/tags?post=3795"}],"curies":[{"name":"wp","href":"https:\/\/api.w.org\/{rel}","templated":true}]}}