{"id":4087,"date":"2009-09-23T21:44:08","date_gmt":"2009-09-24T03:44:08","guid":{"rendered":"http:\/\/www.ricosyfamosos.org\/?p=4087"},"modified":"2009-09-23T21:44:08","modified_gmt":"2009-09-24T03:44:08","slug":"gisele-bundchen-y-tom-brady-demandados","status":"publish","type":"post","link":"http:\/\/www.ricosyfamosos.org\/index.php\/2009\/09\/23\/gisele-bundchen-y-tom-brady-demandados\/","title":{"rendered":"Gisele B\u00fcndchen y Tom Brady demandados"},"content":{"rendered":"<div align=\"center\"><img loading=\"lazy\" decoding=\"async\" src=\"http:\/\/www.ricosyfamosos.org\/wp-content\/uploads\/2009\/09\/gisele-bundchen-y-tom-brady-demandados.jpg\" alt=\"51569799\" title=\"51569799\" width=\"416\" height=\"594\" class=\"aligncenter size-full wp-image-4088\" \/><\/div>\n<p><\/br><\/p>\n<div align=\"justify\">La brasile\u00f1a <strong>Gisele B\u00fcndchen<\/strong> y su esposo, el jugador <strong>Tom Brady<\/strong>, recivieron la amarga noticia de una demanda por un mill\u00f3n de dolares por parte de los fot\u00f3grafos Yuri Cortez y Rolando Avil\u00e9s. Los mismos asegur\u00e1n haber sido baleados el pasado mes de abril por los guardaespaldas de la pareja, cuando intentaban tomar una imagen de la boda.<\/div>\n<p><\/br><br \/>\n<!--more--><\/p>\n<div align=\"justify\">En un documento presentado en los juzgados de New York los paparazzi relatan los hechos, alegando que agradecen estar vivos para hacerlo.<br \/>\nLos representantes de la pareja guardan silencio&#8230;Habr\u00e1 que ver como termina&#8230;<\/div>\n<p><\/br><\/p>\n","protected":false},"excerpt":{"rendered":"<p>La brasile\u00f1a Gisele B\u00fcndchen y su esposo, el jugador Tom Brady, recivieron la amarga noticia de una demanda por un mill\u00f3n de dolares por parte de los fot\u00f3grafos Yuri Cortez y Rolando Avil\u00e9s. Los mismos asegur\u00e1n haber sido baleados el pasado mes de abril por los guardaespaldas de la pareja, cuando intentaban tomar una imagen [&hellip;]<\/p>\n","protected":false},"author":3,"featured_media":0,"comment_status":"open","ping_status":"open","sticky":false,"template":"","format":"standard","meta":{"footnotes":""},"categories":[36,32],"tags":[1054,210,1046],"class_list":["post-4087","post","type-post","status-publish","format-standard","hentry","category-noticias-de-television","category-noticias-generales","tag-gisele-bundchen-y-tom-brady","tag-gisele-bundchen","tag-tom-brady"],"aioseo_notices":[],"_links":{"self":[{"href":"http:\/\/www.ricosyfamosos.org\/index.php\/wp-json\/wp\/v2\/posts\/4087","targetHints":{"allow":["GET"]}}],"collection":[{"href":"http:\/\/www.ricosyfamosos.org\/index.php\/wp-json\/wp\/v2\/posts"}],"about":[{"href":"http:\/\/www.ricosyfamosos.org\/index.php\/wp-json\/wp\/v2\/types\/post"}],"author":[{"embeddable":true,"href":"http:\/\/www.ricosyfamosos.org\/index.php\/wp-json\/wp\/v2\/users\/3"}],"replies":[{"embeddable":true,"href":"http:\/\/www.ricosyfamosos.org\/index.php\/wp-json\/wp\/v2\/comments?post=4087"}],"version-history":[{"count":0,"href":"http:\/\/www.ricosyfamosos.org\/index.php\/wp-json\/wp\/v2\/posts\/4087\/revisions"}],"wp:attachment":[{"href":"http:\/\/www.ricosyfamosos.org\/index.php\/wp-json\/wp\/v2\/media?parent=4087"}],"wp:term":[{"taxonomy":"category","embeddable":true,"href":"http:\/\/www.ricosyfamosos.org\/index.php\/wp-json\/wp\/v2\/categories?post=4087"},{"taxonomy":"post_tag","embeddable":true,"href":"http:\/\/www.ricosyfamosos.org\/index.php\/wp-json\/wp\/v2\/tags?post=4087"}],"curies":[{"name":"wp","href":"https:\/\/api.w.org\/{rel}","templated":true}]}}