{"id":4279,"date":"2009-09-28T21:10:26","date_gmt":"2009-09-29T03:10:26","guid":{"rendered":"http:\/\/www.ricosyfamosos.org\/?p=4279"},"modified":"2009-09-28T21:10:26","modified_gmt":"2009-09-29T03:10:26","slug":"michael-jackson-pelicula-y-tema-inedito","status":"publish","type":"post","link":"http:\/\/www.ricosyfamosos.org\/index.php\/2009\/09\/28\/michael-jackson-pelicula-y-tema-inedito\/","title":{"rendered":"Michael Jackson: pel\u00edcula y tema in\u00e9dito"},"content":{"rendered":"<div align=\"center\"><img loading=\"lazy\" decoding=\"async\" src=\"http:\/\/www.ricosyfamosos.org\/wp-content\/uploads\/2009\/09\/michael-jackson-pelicula-y-tema-inedito-450x264.jpg\" alt=\"FILES-BRITAIN-US-ENT-MUSIC-JACKSON\" title=\"FILES-BRITAIN-US-ENT-MUSIC-JACKSON\" width=\"450\" height=\"264\" class=\"aligncenter size-medium wp-image-4280\" srcset=\"http:\/\/www.ricosyfamosos.org\/wp-content\/uploads\/2009\/09\/michael-jackson-pelicula-y-tema-inedito-450x264.jpg 450w, http:\/\/www.ricosyfamosos.org\/wp-content\/uploads\/2009\/09\/michael-jackson-pelicula-y-tema-inedito.jpg 610w\" sizes=\"auto, (max-width: 450px) 100vw, 450px\" \/><\/div>\n<p><\/br><\/p>\n<div align=\"justify\">Sin dudas, <strong>Michael Jackson<\/strong> est\u00e1 muy presente por estos d\u00edas. Las entradas para ver el documental \u00abThis is It\u00bb est\u00e1n siendo dadas a la venta, superando las expectativas. Y es que el Rey del pop ten\u00eda a todos muy entusiasmados con su nueva gira.<\/div>\n<p><\/br><br \/>\n<!--more--><\/p>\n<div align=\"justify\">Entre otras novedades, Se di\u00f3 a conocer que el film tendr\u00e1 un tema in\u00e9dito de Michael, el cual llevar\u00e1 el mismo nombre \u00abThis is It\u00bb. Se desconoce cuando ni donde grab\u00f3 la canci\u00f3n, pero lo que si aseguran, es que todos podr\u00e1n ver lo que esperaban, un <strong>Michael Jackson<\/strong> con un talento especial para la m\u00fasica.<\/div>\n<p><\/br><\/p>\n","protected":false},"excerpt":{"rendered":"<p>Sin dudas, Michael Jackson est\u00e1 muy presente por estos d\u00edas. Las entradas para ver el documental \u00abThis is It\u00bb est\u00e1n siendo dadas a la venta, superando las expectativas. Y es que el Rey del pop ten\u00eda a todos muy entusiasmados con su nueva gira.<\/p>\n","protected":false},"author":3,"featured_media":0,"comment_status":"open","ping_status":"open","sticky":false,"template":"","format":"standard","meta":{"footnotes":""},"categories":[33,44,40,32],"tags":[570],"class_list":["post-4279","post","type-post","status-publish","format-standard","hentry","category-noticias-de-cantantes","category-noticias-de-cine","category-noticias-de-musica","category-noticias-generales","tag-michael-jackson"],"aioseo_notices":[],"_links":{"self":[{"href":"http:\/\/www.ricosyfamosos.org\/index.php\/wp-json\/wp\/v2\/posts\/4279","targetHints":{"allow":["GET"]}}],"collection":[{"href":"http:\/\/www.ricosyfamosos.org\/index.php\/wp-json\/wp\/v2\/posts"}],"about":[{"href":"http:\/\/www.ricosyfamosos.org\/index.php\/wp-json\/wp\/v2\/types\/post"}],"author":[{"embeddable":true,"href":"http:\/\/www.ricosyfamosos.org\/index.php\/wp-json\/wp\/v2\/users\/3"}],"replies":[{"embeddable":true,"href":"http:\/\/www.ricosyfamosos.org\/index.php\/wp-json\/wp\/v2\/comments?post=4279"}],"version-history":[{"count":0,"href":"http:\/\/www.ricosyfamosos.org\/index.php\/wp-json\/wp\/v2\/posts\/4279\/revisions"}],"wp:attachment":[{"href":"http:\/\/www.ricosyfamosos.org\/index.php\/wp-json\/wp\/v2\/media?parent=4279"}],"wp:term":[{"taxonomy":"category","embeddable":true,"href":"http:\/\/www.ricosyfamosos.org\/index.php\/wp-json\/wp\/v2\/categories?post=4279"},{"taxonomy":"post_tag","embeddable":true,"href":"http:\/\/www.ricosyfamosos.org\/index.php\/wp-json\/wp\/v2\/tags?post=4279"}],"curies":[{"name":"wp","href":"https:\/\/api.w.org\/{rel}","templated":true}]}}