{"id":4302,"date":"2009-09-29T21:22:17","date_gmt":"2009-09-30T03:22:17","guid":{"rendered":"http:\/\/www.ricosyfamosos.org\/?p=4302"},"modified":"2009-09-29T21:22:17","modified_gmt":"2009-09-30T03:22:17","slug":"mischa-barton-se-queda-sin-show","status":"publish","type":"post","link":"http:\/\/www.ricosyfamosos.org\/index.php\/2009\/09\/29\/mischa-barton-se-queda-sin-show\/","title":{"rendered":"Mischa Barton se queda sin show"},"content":{"rendered":"<div align=\"center\"><img loading=\"lazy\" decoding=\"async\" src=\"http:\/\/www.ricosyfamosos.org\/wp-content\/uploads\/2009\/09\/mischa-barton-se-queda-sin-show.jpg\" alt=\"mischa-barton-se-queda-sin-show\" title=\"mischa-barton-se-queda-sin-show\" width=\"400\" height=\"500\" class=\"aligncenter size-full wp-image-4303\" \/><\/div>\n<p><\/br><\/p>\n<div align=\"justify\">La ex OC, <strong>Mischa Barton<\/strong> se ha quedado en ascuas al enterarse que la CW cancel\u00f3 su serie \u00abBeautiful life\u00bb. Tras solo dos cap\u00edtulos de emisi\u00f3n, este programa se quedo fuera por falta de audiencia. La noticia sorprendi\u00f3 a <strong>Mischa Barton<\/strong>, quien era la protagonista y pensaba que esto relanzar\u00eda su carrera.<br \/>\nAl parecer las malas noticias no terminan para esta joven actriz.<\/div>\n<p><\/br><\/p>\n","protected":false},"excerpt":{"rendered":"<p>La ex OC, Mischa Barton se ha quedado en ascuas al enterarse que la CW cancel\u00f3 su serie \u00abBeautiful life\u00bb. Tras solo dos cap\u00edtulos de emisi\u00f3n, este programa se quedo fuera por falta de audiencia. La noticia sorprendi\u00f3 a Mischa Barton, quien era la protagonista y pensaba que esto relanzar\u00eda su carrera. Al parecer las [&hellip;]<\/p>\n","protected":false},"author":3,"featured_media":0,"comment_status":"open","ping_status":"open","sticky":false,"template":"","format":"standard","meta":{"footnotes":""},"categories":[31,1071,36,32],"tags":[85],"class_list":["post-4302","post","type-post","status-publish","format-standard","hentry","category-noticias-de-actrices","category-noticias-de-moda-y-modelos","category-noticias-de-television","category-noticias-generales","tag-mischa-barton"],"aioseo_notices":[],"_links":{"self":[{"href":"http:\/\/www.ricosyfamosos.org\/index.php\/wp-json\/wp\/v2\/posts\/4302","targetHints":{"allow":["GET"]}}],"collection":[{"href":"http:\/\/www.ricosyfamosos.org\/index.php\/wp-json\/wp\/v2\/posts"}],"about":[{"href":"http:\/\/www.ricosyfamosos.org\/index.php\/wp-json\/wp\/v2\/types\/post"}],"author":[{"embeddable":true,"href":"http:\/\/www.ricosyfamosos.org\/index.php\/wp-json\/wp\/v2\/users\/3"}],"replies":[{"embeddable":true,"href":"http:\/\/www.ricosyfamosos.org\/index.php\/wp-json\/wp\/v2\/comments?post=4302"}],"version-history":[{"count":0,"href":"http:\/\/www.ricosyfamosos.org\/index.php\/wp-json\/wp\/v2\/posts\/4302\/revisions"}],"wp:attachment":[{"href":"http:\/\/www.ricosyfamosos.org\/index.php\/wp-json\/wp\/v2\/media?parent=4302"}],"wp:term":[{"taxonomy":"category","embeddable":true,"href":"http:\/\/www.ricosyfamosos.org\/index.php\/wp-json\/wp\/v2\/categories?post=4302"},{"taxonomy":"post_tag","embeddable":true,"href":"http:\/\/www.ricosyfamosos.org\/index.php\/wp-json\/wp\/v2\/tags?post=4302"}],"curies":[{"name":"wp","href":"https:\/\/api.w.org\/{rel}","templated":true}]}}