{"id":4525,"date":"2009-10-08T20:01:03","date_gmt":"2009-10-09T02:01:03","guid":{"rendered":"http:\/\/www.ricosyfamosos.org\/?p=4525"},"modified":"2009-10-08T20:01:03","modified_gmt":"2009-10-09T02:01:03","slug":"heidi-klum-internada-para-dar-a-luz","status":"publish","type":"post","link":"http:\/\/www.ricosyfamosos.org\/index.php\/2009\/10\/08\/heidi-klum-internada-para-dar-a-luz\/","title":{"rendered":"Heidi Klum, internada para dar a luz"},"content":{"rendered":"<div align=\"center\"><img loading=\"lazy\" decoding=\"async\" src=\"http:\/\/www.ricosyfamosos.org\/wp-content\/uploads\/2009\/10\/heidi-klum-internada-para-dar-a-luz.jpg\" alt=\"heidi-klum-internada-para-dar-a-luz\" title=\"heidi-klum-internada-para-dar-a-luz\" width=\"375\" height=\"500\" class=\"aligncenter size-full wp-image-4526\" \/><\/div>\n<p><\/br><\/p>\n<div align=\"justify\">La sensacional leyenda de las pasarelas, <strong>Heidi Klum<\/strong> espera dar a luz a su cuarto hijo en el Cedars-Sina\u00ed de Los Angeles. Mientras su esposo, el cantante <strong>Seal<\/strong> la acompa\u00f1a, la abuela de los ni\u00f1os Erna, se est\u00e1 haciendo cargo de ellos. <\/div>\n<p><\/br><br \/>\n<!--more--><\/p>\n<div align=\"justify\">Seg\u00fan trascendi\u00f3, la modelo dej\u00f3 muy en claro que este ser\u00e1 su \u00faltimo hijo, ya que no cree poder manejar m\u00e1s que estos. Tambi\u00e9n, <strong>Heidi Klum<\/strong> dij\u00f3 que perder\u00e1 el peso muy r\u00e1pido, para volver a la pasarela, perop que lo har\u00e1 de forma saludable, con ejercicio y alimentaci\u00f3n muy sana.<br \/>\nDe m\u00e1s esta decir que est\u00e1 mam\u00e1 es la Reina de las pasarelas&#8230;<\/div>\n<p><\/br><\/p>\n","protected":false},"excerpt":{"rendered":"<p>La sensacional leyenda de las pasarelas, Heidi Klum espera dar a luz a su cuarto hijo en el Cedars-Sina\u00ed de Los Angeles. Mientras su esposo, el cantante Seal la acompa\u00f1a, la abuela de los ni\u00f1os Erna, se est\u00e1 haciendo cargo de ellos.<\/p>\n","protected":false},"author":3,"featured_media":0,"comment_status":"open","ping_status":"open","sticky":false,"template":"","format":"standard","meta":{"footnotes":""},"categories":[33,1071,32],"tags":[179,810],"class_list":["post-4525","post","type-post","status-publish","format-standard","hentry","category-noticias-de-cantantes","category-noticias-de-moda-y-modelos","category-noticias-generales","tag-heidi-klum","tag-heidi-klum-y-seal"],"aioseo_notices":[],"_links":{"self":[{"href":"http:\/\/www.ricosyfamosos.org\/index.php\/wp-json\/wp\/v2\/posts\/4525","targetHints":{"allow":["GET"]}}],"collection":[{"href":"http:\/\/www.ricosyfamosos.org\/index.php\/wp-json\/wp\/v2\/posts"}],"about":[{"href":"http:\/\/www.ricosyfamosos.org\/index.php\/wp-json\/wp\/v2\/types\/post"}],"author":[{"embeddable":true,"href":"http:\/\/www.ricosyfamosos.org\/index.php\/wp-json\/wp\/v2\/users\/3"}],"replies":[{"embeddable":true,"href":"http:\/\/www.ricosyfamosos.org\/index.php\/wp-json\/wp\/v2\/comments?post=4525"}],"version-history":[{"count":0,"href":"http:\/\/www.ricosyfamosos.org\/index.php\/wp-json\/wp\/v2\/posts\/4525\/revisions"}],"wp:attachment":[{"href":"http:\/\/www.ricosyfamosos.org\/index.php\/wp-json\/wp\/v2\/media?parent=4525"}],"wp:term":[{"taxonomy":"category","embeddable":true,"href":"http:\/\/www.ricosyfamosos.org\/index.php\/wp-json\/wp\/v2\/categories?post=4525"},{"taxonomy":"post_tag","embeddable":true,"href":"http:\/\/www.ricosyfamosos.org\/index.php\/wp-json\/wp\/v2\/tags?post=4525"}],"curies":[{"name":"wp","href":"https:\/\/api.w.org\/{rel}","templated":true}]}}