{"id":4962,"date":"2009-10-28T18:25:22","date_gmt":"2009-10-29T00:25:22","guid":{"rendered":"http:\/\/www.ricosyfamosos.org\/?p=4962"},"modified":"2009-10-28T18:25:22","modified_gmt":"2009-10-29T00:25:22","slug":"u2-actuara-gratuitamente-en-berlin-a-20-anos-de-la-caida-del-muro","status":"publish","type":"post","link":"http:\/\/www.ricosyfamosos.org\/index.php\/2009\/10\/28\/u2-actuara-gratuitamente-en-berlin-a-20-anos-de-la-caida-del-muro\/","title":{"rendered":"U2 actuar\u00e1 gratuitamente en Berl\u00edn, a 20 a\u00f1os de la ca\u00edda del muro"},"content":{"rendered":"<div align=\"center\"><img loading=\"lazy\" decoding=\"async\" src=\"http:\/\/www.ricosyfamosos.org\/wp-content\/uploads\/2009\/10\/u2-actuara-gratuitamente-a-20-anos-de-la-caida-del-muro-de-berlin.jpg\" alt=\"u2-actuara-gratuitamente-a-20-anos-de-la-caida-del-muro-de-berlin\" title=\"u2-actuara-gratuitamente-a-20-anos-de-la-caida-del-muro-de-berlin\" width=\"375\" height=\"500\" class=\"aligncenter size-full wp-image-4963\" \/><\/div>\n<p><\/br><\/p>\n<div align=\"justify\">El grupo irland\u00e9s <strong>U2<\/strong>, dar\u00e1 un concierto este 5 de noviembre, cuatro d\u00edas antes del vig\u00e9simo aniversario de la ca\u00edda del muro de Berl\u00edn. El lugar donde suceder\u00e1 el evento ser\u00e1 en La Puerta de Bradenburgo, coincidiendo con los premiops MTV Europa, que se realizar\u00e1n esa noche en la ciudad.<\/div>\n<p><\/br><br \/>\n<!--more--><\/p>\n<div align=\"justify\">La banda<strong> U2<\/strong>, se encuentra emocionada por tocar casi 20 a\u00f1ops despu\u00e9s en un lugar que es el s\u00edmbolo de la Guerra Fr\u00eda y del sufrimiento de muchas personas. Entre otros artistas que se presentar\u00e1n en los premios MTV, figuran Jay-Z y Robbie Williams. Una ceremonia que promete ser a lo grande, muy especial y emotiva.<\/div>\n<p><\/br><\/p>\n","protected":false},"excerpt":{"rendered":"<p>El grupo irland\u00e9s U2, dar\u00e1 un concierto este 5 de noviembre, cuatro d\u00edas antes del vig\u00e9simo aniversario de la ca\u00edda del muro de Berl\u00edn. El lugar donde suceder\u00e1 el evento ser\u00e1 en La Puerta de Bradenburgo, coincidiendo con los premiops MTV Europa, que se realizar\u00e1n esa noche en la ciudad.<\/p>\n","protected":false},"author":3,"featured_media":0,"comment_status":"open","ping_status":"open","sticky":false,"template":"","format":"standard","meta":{"footnotes":""},"categories":[33,40,36,32],"tags":[1173,742],"class_list":["post-4962","post","type-post","status-publish","format-standard","hentry","category-noticias-de-cantantes","category-noticias-de-musica","category-noticias-de-television","category-noticias-generales","tag-mtv-european-awards","tag-u2"],"aioseo_notices":[],"_links":{"self":[{"href":"http:\/\/www.ricosyfamosos.org\/index.php\/wp-json\/wp\/v2\/posts\/4962","targetHints":{"allow":["GET"]}}],"collection":[{"href":"http:\/\/www.ricosyfamosos.org\/index.php\/wp-json\/wp\/v2\/posts"}],"about":[{"href":"http:\/\/www.ricosyfamosos.org\/index.php\/wp-json\/wp\/v2\/types\/post"}],"author":[{"embeddable":true,"href":"http:\/\/www.ricosyfamosos.org\/index.php\/wp-json\/wp\/v2\/users\/3"}],"replies":[{"embeddable":true,"href":"http:\/\/www.ricosyfamosos.org\/index.php\/wp-json\/wp\/v2\/comments?post=4962"}],"version-history":[{"count":0,"href":"http:\/\/www.ricosyfamosos.org\/index.php\/wp-json\/wp\/v2\/posts\/4962\/revisions"}],"wp:attachment":[{"href":"http:\/\/www.ricosyfamosos.org\/index.php\/wp-json\/wp\/v2\/media?parent=4962"}],"wp:term":[{"taxonomy":"category","embeddable":true,"href":"http:\/\/www.ricosyfamosos.org\/index.php\/wp-json\/wp\/v2\/categories?post=4962"},{"taxonomy":"post_tag","embeddable":true,"href":"http:\/\/www.ricosyfamosos.org\/index.php\/wp-json\/wp\/v2\/tags?post=4962"}],"curies":[{"name":"wp","href":"https:\/\/api.w.org\/{rel}","templated":true}]}}