{"id":5266,"date":"2009-11-09T22:27:21","date_gmt":"2009-11-10T04:27:21","guid":{"rendered":"http:\/\/www.ricosyfamosos.org\/?p=5266"},"modified":"2009-11-09T22:27:21","modified_gmt":"2009-11-10T04:27:21","slug":"medalla-de-oro-para-serrat","status":"publish","type":"post","link":"http:\/\/www.ricosyfamosos.org\/index.php\/2009\/11\/09\/medalla-de-oro-para-serrat\/","title":{"rendered":"Medalla de oro para Serrat"},"content":{"rendered":"<div align=\"center\"><img loading=\"lazy\" decoding=\"async\" src=\"http:\/\/www.ricosyfamosos.org\/wp-content\/uploads\/2009\/11\/Medalla-de-oro-para-Serrat-450x611.jpg\" alt=\"Medalla de oro para Serrat\" title=\"Medalla de oro para Serrat\" width=\"450\" height=\"611\" class=\"aligncenter size-medium wp-image-5267\" srcset=\"http:\/\/www.ricosyfamosos.org\/wp-content\/uploads\/2009\/11\/Medalla-de-oro-para-Serrat-450x611.jpg 450w, http:\/\/www.ricosyfamosos.org\/wp-content\/uploads\/2009\/11\/Medalla-de-oro-para-Serrat.jpg 456w\" sizes=\"auto, (max-width: 450px) 100vw, 450px\" \/><\/div>\n<p><\/p>\n<div align=\"justify\">Uno de los cantantes espa\u00f1oles m\u00e1s famosos del mundo, <strong>Joan Manuel Serrat<\/strong>, ha recibido una importante distinci\u00f3n de parte de la Universidad de Almer\u00eda.<br \/>\nLa instituci\u00f3n le ha otorgado la medalla de oro por su labor como \u00abjuglar urbano\u00bb por haber divulgado la poes\u00eda de los escritores Alberti, Hern\u00e1ndez y Machado.<br \/>\nAnte un auditorio desbordado de gente rendida a sus pies, <strong>Joan Manuel Serrat<\/strong> ha recibido un premio que bien merecido lo ten\u00eda.<br \/>\nUna medalla de oro para un verdadero cantante de oro.<\/div>\n<p><\/p>\n","protected":false},"excerpt":{"rendered":"<p>Uno de los cantantes espa\u00f1oles m\u00e1s famosos del mundo, Joan Manuel Serrat, ha recibido una importante distinci\u00f3n de parte de la Universidad de Almer\u00eda. La instituci\u00f3n le ha otorgado la medalla de oro por su labor como \u00abjuglar urbano\u00bb por haber divulgado la poes\u00eda de los escritores Alberti, Hern\u00e1ndez y Machado. Ante un auditorio desbordado [&hellip;]<\/p>\n","protected":false},"author":1,"featured_media":0,"comment_status":"open","ping_status":"open","sticky":false,"template":"","format":"standard","meta":{"footnotes":""},"categories":[33,40,32],"tags":[1200,1201],"class_list":["post-5266","post","type-post","status-publish","format-standard","hentry","category-noticias-de-cantantes","category-noticias-de-musica","category-noticias-generales","tag-joan-manuel-serrat","tag-serrat"],"aioseo_notices":[],"_links":{"self":[{"href":"http:\/\/www.ricosyfamosos.org\/index.php\/wp-json\/wp\/v2\/posts\/5266","targetHints":{"allow":["GET"]}}],"collection":[{"href":"http:\/\/www.ricosyfamosos.org\/index.php\/wp-json\/wp\/v2\/posts"}],"about":[{"href":"http:\/\/www.ricosyfamosos.org\/index.php\/wp-json\/wp\/v2\/types\/post"}],"author":[{"embeddable":true,"href":"http:\/\/www.ricosyfamosos.org\/index.php\/wp-json\/wp\/v2\/users\/1"}],"replies":[{"embeddable":true,"href":"http:\/\/www.ricosyfamosos.org\/index.php\/wp-json\/wp\/v2\/comments?post=5266"}],"version-history":[{"count":0,"href":"http:\/\/www.ricosyfamosos.org\/index.php\/wp-json\/wp\/v2\/posts\/5266\/revisions"}],"wp:attachment":[{"href":"http:\/\/www.ricosyfamosos.org\/index.php\/wp-json\/wp\/v2\/media?parent=5266"}],"wp:term":[{"taxonomy":"category","embeddable":true,"href":"http:\/\/www.ricosyfamosos.org\/index.php\/wp-json\/wp\/v2\/categories?post=5266"},{"taxonomy":"post_tag","embeddable":true,"href":"http:\/\/www.ricosyfamosos.org\/index.php\/wp-json\/wp\/v2\/tags?post=5266"}],"curies":[{"name":"wp","href":"https:\/\/api.w.org\/{rel}","templated":true}]}}