{"id":5736,"date":"2009-11-25T08:52:33","date_gmt":"2009-11-25T14:52:33","guid":{"rendered":"http:\/\/www.ricosyfamosos.org\/?p=5736"},"modified":"2009-11-25T08:52:33","modified_gmt":"2009-11-25T14:52:33","slug":"kevin-costner-y-modern-west-band-cantaran-en-el-palau-de-la-musica-catalana","status":"publish","type":"post","link":"http:\/\/www.ricosyfamosos.org\/index.php\/2009\/11\/25\/kevin-costner-y-modern-west-band-cantaran-en-el-palau-de-la-musica-catalana\/","title":{"rendered":"Kevin Costner y Modern West Band cantar\u00e1n en el Palau de la M\u00fasica Catalana"},"content":{"rendered":"<div align=\"center\"><img loading=\"lazy\" decoding=\"async\" src=\"http:\/\/www.ricosyfamosos.org\/wp-content\/uploads\/2009\/11\/Kevin-Costner-y-Modern-West-Band-cantar\u00e1n-en-el-Palau-de-la-M\u00fasica-Catalana-450x326.jpg\" alt=\"Kevin Costner y Modern West Band cantar\u00e1n en el Palau de la M\u00fasica Catalana\" title=\"Kevin Costner y Modern West Band cantar\u00e1n en el Palau de la M\u00fasica Catalana\" width=\"450\" height=\"326\" class=\"aligncenter size-medium wp-image-5739\" srcset=\"http:\/\/www.ricosyfamosos.org\/wp-content\/uploads\/2009\/11\/Kevin-Costner-y-Modern-West-Band-cantar\u00e1n-en-el-Palau-de-la-M\u00fasica-Catalana-450x326.jpg 450w, http:\/\/www.ricosyfamosos.org\/wp-content\/uploads\/2009\/11\/Kevin-Costner-y-Modern-West-Band-cantar\u00e1n-en-el-Palau-de-la-M\u00fasica-Catalana.jpg 547w\" sizes=\"auto, (max-width: 450px) 100vw, 450px\" \/><\/div>\n<p><\/p>\n<div align=\"justify\">Los d\u00edas 18 y 19 de febrero de 2.010 ser\u00e1n m\u00e1s que especiales para los que decidan concurrir al Palau de la M\u00fasica Catalana. Ese d\u00eda el famoso actor norteamericano <strong>Kevin Costner<\/strong> y la banda de la que forma parte desde hace m\u00e1s de 20 a\u00f1os, la <em>Modern West Band<\/em>, se presentar\u00e1n en vivo.<br \/>\nEsta actuaci\u00f3n, que ser\u00e1 parte del XI Festival Mil\u00b7leni, va a ser la primera de <strong>Kevin Costner<\/strong> en los escenarios espa\u00f1oles y por tanto tendr\u00e1 un gusto especial para todos.<br \/>\nLa banda fusiona diferentes estilos musicales como son el folk, el rock y el country.<br \/>\nVerdaderamente promete ser inolvidable&#8230; Chicas vayan prepar\u00e1ndo las gargantas&#8230;.<\/div>\n<p>\n<!--more--><br \/>\nFuente: 20minutos.es<\/p>\n","protected":false},"excerpt":{"rendered":"<p>Los d\u00edas 18 y 19 de febrero de 2.010 ser\u00e1n m\u00e1s que especiales para los que decidan concurrir al Palau de la M\u00fasica Catalana. Ese d\u00eda el famoso actor norteamericano Kevin Costner y la banda de la que forma parte desde hace m\u00e1s de 20 a\u00f1os, la Modern West Band, se presentar\u00e1n en vivo. Esta [&hellip;]<\/p>\n","protected":false},"author":1,"featured_media":0,"comment_status":"open","ping_status":"open","sticky":false,"template":"","format":"standard","meta":{"footnotes":""},"categories":[42,33,44,40,32],"tags":[694,1253],"class_list":["post-5736","post","type-post","status-publish","format-standard","hentry","category-noticias-de-actores","category-noticias-de-cantantes","category-noticias-de-cine","category-noticias-de-musica","category-noticias-generales","tag-kevin-costner","tag-modern-west-band"],"aioseo_notices":[],"_links":{"self":[{"href":"http:\/\/www.ricosyfamosos.org\/index.php\/wp-json\/wp\/v2\/posts\/5736","targetHints":{"allow":["GET"]}}],"collection":[{"href":"http:\/\/www.ricosyfamosos.org\/index.php\/wp-json\/wp\/v2\/posts"}],"about":[{"href":"http:\/\/www.ricosyfamosos.org\/index.php\/wp-json\/wp\/v2\/types\/post"}],"author":[{"embeddable":true,"href":"http:\/\/www.ricosyfamosos.org\/index.php\/wp-json\/wp\/v2\/users\/1"}],"replies":[{"embeddable":true,"href":"http:\/\/www.ricosyfamosos.org\/index.php\/wp-json\/wp\/v2\/comments?post=5736"}],"version-history":[{"count":0,"href":"http:\/\/www.ricosyfamosos.org\/index.php\/wp-json\/wp\/v2\/posts\/5736\/revisions"}],"wp:attachment":[{"href":"http:\/\/www.ricosyfamosos.org\/index.php\/wp-json\/wp\/v2\/media?parent=5736"}],"wp:term":[{"taxonomy":"category","embeddable":true,"href":"http:\/\/www.ricosyfamosos.org\/index.php\/wp-json\/wp\/v2\/categories?post=5736"},{"taxonomy":"post_tag","embeddable":true,"href":"http:\/\/www.ricosyfamosos.org\/index.php\/wp-json\/wp\/v2\/tags?post=5736"}],"curies":[{"name":"wp","href":"https:\/\/api.w.org\/{rel}","templated":true}]}}