{"id":6508,"date":"2009-12-14T10:19:26","date_gmt":"2009-12-14T16:19:26","guid":{"rendered":"http:\/\/www.ricosyfamosos.org\/?p=6508"},"modified":"2009-12-14T10:19:26","modified_gmt":"2009-12-14T16:19:26","slug":"salma-hayek-y-su-sexy-look-para-navidad","status":"publish","type":"post","link":"http:\/\/www.ricosyfamosos.org\/index.php\/2009\/12\/14\/salma-hayek-y-su-sexy-look-para-navidad\/","title":{"rendered":"Salma Hayek y su sexy look para navidad"},"content":{"rendered":"<div align=\"center\"><img loading=\"lazy\" decoding=\"async\" src=\"http:\/\/www.ricosyfamosos.org\/wp-content\/uploads\/2009\/12\/salma-hayek-y-su-sexy-look-para-navidad--450x414.jpg\" alt=\"salma-hayek-y-su-sexy-look-para-navidad-\" title=\"salma-hayek-y-su-sexy-look-para-navidad-\" width=\"450\" height=\"414\" class=\"aligncenter size-medium wp-image-6509\" srcset=\"http:\/\/www.ricosyfamosos.org\/wp-content\/uploads\/2009\/12\/salma-hayek-y-su-sexy-look-para-navidad--450x414.jpg 450w, http:\/\/www.ricosyfamosos.org\/wp-content\/uploads\/2009\/12\/salma-hayek-y-su-sexy-look-para-navidad-.jpg 500w\" sizes=\"auto, (max-width: 450px) 100vw, 450px\" \/><\/div>\n<p><\/p>\n<div align=\"justify\">La actriz <strong>Salma Hayek<\/strong>, fue a Berl\u00edn estrenado look, para recibir el Premio \u00abCoraz\u00f3n de Oro\u00bb por su labor solidaria con los ni\u00f1os. Al parecer, Salma coment\u00f3 que quer\u00eda salir de su melena azabache por algo m\u00e1s novedoso y moderno. La media melena lacia, no ha hecho m\u00e1s que acentuar los rasgos de su cara.<\/div>\n<p>\n<!--more--><\/p>\n<div align=\"justify\"><strong>Salma Hayek,<\/strong> est\u00e1 siendo muy reconocida por su participaci\u00f3n activa en la recaudaci\u00f3n de fondos para mujeres y ni\u00f1os desamparados que residen en zonas marginales. Esta labor la hace en conjunto con la Fundaci\u00f3n \u00abUn Coraz\u00f3n para los Ni\u00f1os\u00bb.<br \/>\nBien por <strong>Salma Hayek<\/strong> y las estrellas solidarias!!!<\/div>\n<p><\/p>\n","protected":false},"excerpt":{"rendered":"<p>La actriz Salma Hayek, fue a Berl\u00edn estrenado look, para recibir el Premio \u00abCoraz\u00f3n de Oro\u00bb por su labor solidaria con los ni\u00f1os. Al parecer, Salma coment\u00f3 que quer\u00eda salir de su melena azabache por algo m\u00e1s novedoso y moderno. La media melena lacia, no ha hecho m\u00e1s que acentuar los rasgos de su cara.<\/p>\n","protected":false},"author":3,"featured_media":0,"comment_status":"open","ping_status":"open","sticky":false,"template":"","format":"standard","meta":{"footnotes":""},"categories":[50,31,44,32],"tags":[520],"class_list":["post-6508","post","type-post","status-publish","format-standard","hentry","category-fotos-de-famosas","category-noticias-de-actrices","category-noticias-de-cine","category-noticias-generales","tag-salma-hayek"],"aioseo_notices":[],"_links":{"self":[{"href":"http:\/\/www.ricosyfamosos.org\/index.php\/wp-json\/wp\/v2\/posts\/6508","targetHints":{"allow":["GET"]}}],"collection":[{"href":"http:\/\/www.ricosyfamosos.org\/index.php\/wp-json\/wp\/v2\/posts"}],"about":[{"href":"http:\/\/www.ricosyfamosos.org\/index.php\/wp-json\/wp\/v2\/types\/post"}],"author":[{"embeddable":true,"href":"http:\/\/www.ricosyfamosos.org\/index.php\/wp-json\/wp\/v2\/users\/3"}],"replies":[{"embeddable":true,"href":"http:\/\/www.ricosyfamosos.org\/index.php\/wp-json\/wp\/v2\/comments?post=6508"}],"version-history":[{"count":0,"href":"http:\/\/www.ricosyfamosos.org\/index.php\/wp-json\/wp\/v2\/posts\/6508\/revisions"}],"wp:attachment":[{"href":"http:\/\/www.ricosyfamosos.org\/index.php\/wp-json\/wp\/v2\/media?parent=6508"}],"wp:term":[{"taxonomy":"category","embeddable":true,"href":"http:\/\/www.ricosyfamosos.org\/index.php\/wp-json\/wp\/v2\/categories?post=6508"},{"taxonomy":"post_tag","embeddable":true,"href":"http:\/\/www.ricosyfamosos.org\/index.php\/wp-json\/wp\/v2\/tags?post=6508"}],"curies":[{"name":"wp","href":"https:\/\/api.w.org\/{rel}","templated":true}]}}