{"id":6667,"date":"2009-12-17T07:30:31","date_gmt":"2009-12-17T13:30:31","guid":{"rendered":"http:\/\/www.ricosyfamosos.org\/?p=6667"},"modified":"2009-12-17T07:30:31","modified_gmt":"2009-12-17T13:30:31","slug":"madonna-se-domestica-a-la-italiana-para-dolce-gabbana","status":"publish","type":"post","link":"http:\/\/www.ricosyfamosos.org\/index.php\/2009\/12\/17\/madonna-se-domestica-a-la-italiana-para-dolce-gabbana\/","title":{"rendered":"Madonna se domestica \u00aba la italiana\u00bb para Dolce &#038; Gabbana"},"content":{"rendered":"<div align=\"center\"><img loading=\"lazy\" decoding=\"async\" src=\"http:\/\/www.ricosyfamosos.org\/wp-content\/uploads\/2009\/12\/madonna-se-domestica-a-la-italiana-para-dolce-gabbana-01-450x303.jpg\" alt=\"madonna-se-domestica-a-la-italiana-para-dolce-gabbana-01\" title=\"madonna-se-domestica-a-la-italiana-para-dolce-gabbana-01\" width=\"450\" height=\"303\" class=\"aligncenter size-medium wp-image-6668\" srcset=\"http:\/\/www.ricosyfamosos.org\/wp-content\/uploads\/2009\/12\/madonna-se-domestica-a-la-italiana-para-dolce-gabbana-01-450x303.jpg 450w, http:\/\/www.ricosyfamosos.org\/wp-content\/uploads\/2009\/12\/madonna-se-domestica-a-la-italiana-para-dolce-gabbana-01.jpg 634w\" sizes=\"auto, (max-width: 450px) 100vw, 450px\" \/><\/div>\n<p><\/p>\n<div align=\"justify\">La reina del pop, <strong>Madonna<\/strong> se muestra muy dom\u00e9stica en esta \u00faltima campa\u00f1a de Dolce &#038; Gabbana, en la que se deja ver lavando los platos y comiendo fideos, en un ambiente muy toscano. Esta campa\u00f1a la muestra totalmente diferente a la de Louis Vuitton, donde se la ve rescostada en un sofa, con un bolso colgando de su taco, ahora, se ve una <strong>Madonna<\/strong> m\u00e1s mujer, m\u00e1s femenina, m\u00e1s seductora y atractiva, en el marco de la m\u00e1s llana simplicidad.<\/div>\n<p>\n<!--more--><\/p>\n<div align=\"justify\">La producci\u00f3n podr\u00e1 verse en la edici\u00f3n Vogue italiana de este mes, como adelanto de la colecci\u00f3n de verano 2010. Inspirados en el cine italiano, los dise\u00f1adores <strong>Stefano Gabbana y Domenico Dolce<\/strong> aseguraron que tener como protagonista a<strong> Madonna,<\/strong> era cumplir un sue\u00f1o, y hasta defendieron a la dive, diciendo que la han visto lavar platos y comer spaghettis, a pesar de que parezca que es una diva full time, que solo sigue la macrobi\u00f3tica.<\/div>\n<p><\/p>\n<div align=\"center\"><img loading=\"lazy\" decoding=\"async\" src=\"http:\/\/www.ricosyfamosos.org\/wp-content\/uploads\/2009\/12\/madonna-se-domestica-a-la-italiana-para-dolce-gabbana-02-450x320.jpg\" alt=\"madonna-se-domestica-a-la-italiana-para-dolce-gabbana-02\" title=\"madonna-se-domestica-a-la-italiana-para-dolce-gabbana-02\" width=\"450\" height=\"320\" class=\"aligncenter size-medium wp-image-6669\" srcset=\"http:\/\/www.ricosyfamosos.org\/wp-content\/uploads\/2009\/12\/madonna-se-domestica-a-la-italiana-para-dolce-gabbana-02-450x320.jpg 450w, http:\/\/www.ricosyfamosos.org\/wp-content\/uploads\/2009\/12\/madonna-se-domestica-a-la-italiana-para-dolce-gabbana-02.jpg 634w\" sizes=\"auto, (max-width: 450px) 100vw, 450px\" \/><\/div>\n<p><\/p>\n<div align=\"center\"><img loading=\"lazy\" decoding=\"async\" src=\"http:\/\/www.ricosyfamosos.org\/wp-content\/uploads\/2009\/12\/madonna-se-domestica-a-la-italiana-para-dolce-gabbana-03.jpg\" alt=\"madonna-se-domestica-a-la-italiana-para-dolce-gabbana-03\" title=\"madonna-se-domestica-a-la-italiana-para-dolce-gabbana-03\" width=\"300\" height=\"300\" class=\"aligncenter size-full wp-image-6670\" \/><\/div>\n<p><\/p>\n<div align=\"justify\">Fotos:  dailymail.uk<\/div>\n<p><\/p>\n","protected":false},"excerpt":{"rendered":"<p>La reina del pop, Madonna se muestra muy dom\u00e9stica en esta \u00faltima campa\u00f1a de Dolce &#038; Gabbana, en la que se deja ver lavando los platos y comiendo fideos, en un ambiente muy toscano. Esta campa\u00f1a la muestra totalmente diferente a la de Louis Vuitton, donde se la ve rescostada en un sofa, con un [&hellip;]<\/p>\n","protected":false},"author":3,"featured_media":0,"comment_status":"open","ping_status":"open","sticky":false,"template":"","format":"standard","meta":{"footnotes":""},"categories":[50,33,40,1071,32],"tags":[26],"class_list":["post-6667","post","type-post","status-publish","format-standard","hentry","category-fotos-de-famosas","category-noticias-de-cantantes","category-noticias-de-musica","category-noticias-de-moda-y-modelos","category-noticias-generales","tag-madonna"],"aioseo_notices":[],"_links":{"self":[{"href":"http:\/\/www.ricosyfamosos.org\/index.php\/wp-json\/wp\/v2\/posts\/6667","targetHints":{"allow":["GET"]}}],"collection":[{"href":"http:\/\/www.ricosyfamosos.org\/index.php\/wp-json\/wp\/v2\/posts"}],"about":[{"href":"http:\/\/www.ricosyfamosos.org\/index.php\/wp-json\/wp\/v2\/types\/post"}],"author":[{"embeddable":true,"href":"http:\/\/www.ricosyfamosos.org\/index.php\/wp-json\/wp\/v2\/users\/3"}],"replies":[{"embeddable":true,"href":"http:\/\/www.ricosyfamosos.org\/index.php\/wp-json\/wp\/v2\/comments?post=6667"}],"version-history":[{"count":0,"href":"http:\/\/www.ricosyfamosos.org\/index.php\/wp-json\/wp\/v2\/posts\/6667\/revisions"}],"wp:attachment":[{"href":"http:\/\/www.ricosyfamosos.org\/index.php\/wp-json\/wp\/v2\/media?parent=6667"}],"wp:term":[{"taxonomy":"category","embeddable":true,"href":"http:\/\/www.ricosyfamosos.org\/index.php\/wp-json\/wp\/v2\/categories?post=6667"},{"taxonomy":"post_tag","embeddable":true,"href":"http:\/\/www.ricosyfamosos.org\/index.php\/wp-json\/wp\/v2\/tags?post=6667"}],"curies":[{"name":"wp","href":"https:\/\/api.w.org\/{rel}","templated":true}]}}