{"id":789,"date":"2008-10-11T09:22:27","date_gmt":"2008-10-11T15:22:27","guid":{"rendered":"http:\/\/www.ricosyfamosos.org\/?p=789"},"modified":"2008-10-11T09:25:13","modified_gmt":"2008-10-11T15:25:13","slug":"shakira-y-madonna-podrian-grabar-un-tema-juntas","status":"publish","type":"post","link":"http:\/\/www.ricosyfamosos.org\/index.php\/2008\/10\/11\/shakira-y-madonna-podrian-grabar-un-tema-juntas\/","title":{"rendered":"Shakira y Madonna podr\u00edan grabar un tema juntas"},"content":{"rendered":"<p><img loading=\"lazy\" decoding=\"async\" src=\"http:\/\/www.ricosyfamosos.org\/wp-content\/uploads\/2008\/10\/shakira_madonna.jpg\" alt=\"Shakira y Madonna podr\u00edan grabar un tema juntas\" title=\"Shakira y Madonna podr\u00edan grabar un tema juntas\" width=\"450\" height=\"337\" class=\"alignnone size-full wp-image-790\" srcset=\"http:\/\/www.ricosyfamosos.org\/wp-content\/uploads\/2008\/10\/shakira_madonna.jpg 450w, http:\/\/www.ricosyfamosos.org\/wp-content\/uploads\/2008\/10\/shakira_madonna-118x87.jpg 118w\" sizes=\"auto, (max-width: 450px) 100vw, 450px\" \/><\/p>\n<p><strong>Shakira y Madonna<\/strong> podr\u00edan grabar un <strong>tema juntas<\/strong> que podr\u00e1 ser inclu\u00eddo en el pr\u00f3ximo disco de Shakira que estar\u00e1 listo los primeros meses de 2009.<\/p>\n<p>Las divas se reunieron la semana pasada en Nueva York para ultimar los detalles del dueto que supuestamente van a hacer y que en caso de concretarse, ser\u00e1 un gran aporte en la carrera musical de la colombiana, que seg\u00fan ella mismo declar\u00f3, ser\u00e1 un album con muchos duetos.<\/p>\n<blockquote><p>\n\u00abEstoy trabajando en ello, avanzando poco a poco, pero para el pr\u00f3ximo a\u00f1o estar\u00e1 listo; lo de las colaboraciones es secreto de Estado\u00bb, se\u00f1al\u00f3 Shakira.<\/p><\/blockquote>\n","protected":false},"excerpt":{"rendered":"<p>Shakira y Madonna podr\u00edan grabar un tema juntas que podr\u00e1 ser inclu\u00eddo en el pr\u00f3ximo disco de Shakira que estar\u00e1 listo los primeros meses de 2009. Las divas se reunieron la semana pasada en Nueva York para ultimar los detalles del dueto que supuestamente van a hacer y que en caso de concretarse, ser\u00e1 un [&hellip;]<\/p>\n","protected":false},"author":1,"featured_media":0,"comment_status":"open","ping_status":"open","sticky":false,"template":"","format":"standard","meta":{"footnotes":""},"categories":[33,40,32],"tags":[26,1700,448,447,449],"class_list":["post-789","post","type-post","status-publish","format-standard","hentry","category-noticias-de-cantantes","category-noticias-de-musica","category-noticias-generales","tag-madonna","tag-noticias-de-musica","tag-shakira","tag-shakira-y-madonna","tag-tema-juntas"],"aioseo_notices":[],"_links":{"self":[{"href":"http:\/\/www.ricosyfamosos.org\/index.php\/wp-json\/wp\/v2\/posts\/789","targetHints":{"allow":["GET"]}}],"collection":[{"href":"http:\/\/www.ricosyfamosos.org\/index.php\/wp-json\/wp\/v2\/posts"}],"about":[{"href":"http:\/\/www.ricosyfamosos.org\/index.php\/wp-json\/wp\/v2\/types\/post"}],"author":[{"embeddable":true,"href":"http:\/\/www.ricosyfamosos.org\/index.php\/wp-json\/wp\/v2\/users\/1"}],"replies":[{"embeddable":true,"href":"http:\/\/www.ricosyfamosos.org\/index.php\/wp-json\/wp\/v2\/comments?post=789"}],"version-history":[{"count":0,"href":"http:\/\/www.ricosyfamosos.org\/index.php\/wp-json\/wp\/v2\/posts\/789\/revisions"}],"wp:attachment":[{"href":"http:\/\/www.ricosyfamosos.org\/index.php\/wp-json\/wp\/v2\/media?parent=789"}],"wp:term":[{"taxonomy":"category","embeddable":true,"href":"http:\/\/www.ricosyfamosos.org\/index.php\/wp-json\/wp\/v2\/categories?post=789"},{"taxonomy":"post_tag","embeddable":true,"href":"http:\/\/www.ricosyfamosos.org\/index.php\/wp-json\/wp\/v2\/tags?post=789"}],"curies":[{"name":"wp","href":"https:\/\/api.w.org\/{rel}","templated":true}]}}