{"id":8679,"date":"2010-03-02T13:37:05","date_gmt":"2010-03-02T19:37:05","guid":{"rendered":"http:\/\/www.ricosyfamosos.org\/?p=8679"},"modified":"2010-03-03T10:26:16","modified_gmt":"2010-03-03T16:26:16","slug":"aparecio-ricardo-arjona-luego-del-terromoto-de-chile","status":"publish","type":"post","link":"http:\/\/www.ricosyfamosos.org\/index.php\/2010\/03\/02\/aparecio-ricardo-arjona-luego-del-terromoto-de-chile\/","title":{"rendered":"Apareci\u00f3 Ricardo Arjona luego del terromoto de Chile"},"content":{"rendered":"<div align=\"justify\">Nada se sab\u00eda del cantante guatemalteco <strong>Ricardo Arjona<\/strong>, luego del terremoto en Chile.<\/div>\n<p><\/p>\n<div align=\"center\"><img loading=\"lazy\" decoding=\"async\" src=\"http:\/\/www.ricosyfamosos.org\/wp-content\/uploads\/2010\/03\/Apareci\u00f3-Ricardo-Arjona-luego-del-terromoto-de-Chile-1-450x340.jpg\" alt=\"39617404sing_20011020_00178.jpg\" title=\"39617404sing_20011020_00178.jpg\" width=\"450\" height=\"340\" class=\"aligncenter size-medium wp-image-8680\" srcset=\"http:\/\/www.ricosyfamosos.org\/wp-content\/uploads\/2010\/03\/Apareci\u00f3-Ricardo-Arjona-luego-del-terromoto-de-Chile-1-450x340.jpg 450w, http:\/\/www.ricosyfamosos.org\/wp-content\/uploads\/2010\/03\/Apareci\u00f3-Ricardo-Arjona-luego-del-terromoto-de-Chile-1.jpg 594w\" sizes=\"auto, (max-width: 450px) 100vw, 450px\" \/><\/div>\n<p><\/p>\n<div align=\"justify\">Recordemos que horas antes de la tragedia, <strong>Ricardo Arjona<\/strong> estuvo cantando en el festival de <em>Vi\u00f1a del Mar 2010<\/em> y que fue gracias al cambio de horarios que hizo el cantante que no lo encontr\u00f3 el terremoto cantando sobre el escenario.<\/div>\n<p>\n<!--more--><\/p>\n<div align=\"justify\">El cantante envi\u00f3 una carta a los medios donde se ofreci\u00f3 a brindar un show a beneficio cuando las autoridades lo dispusieran para recaudar fondos para los afectados por el terremoto.<br \/>\nExpres\u00f3 en su carta:<\/p>\n<blockquote><p>\u00abNadie sospechaba entre aplausos y emociones que a pocas horas una tragedia de gran magnitud apagar\u00eda la euforia en nuestros interiores\u00bb.<\/p><\/blockquote>\n<p><strong>Ricardo Arjona<\/strong> solicit\u00f3 un cambio en el orden de las actuaciones y sali\u00f3 al escenario antes que la colombiana <strong>Fanny Lu<\/strong>, lo que evit\u00f3 que la jornada se alargara y retuviera en el anfiteatro a miles personas que cada d\u00eda acud\u00edan al festival.<\/div>\n<p><\/p>\n<div align=\"center\"><img loading=\"lazy\" decoding=\"async\" src=\"http:\/\/www.ricosyfamosos.org\/wp-content\/uploads\/2010\/03\/Apareci\u00f3-Ricardo-Arjona-luego-del-terromoto-de-Chile-2-450x337.jpg\" alt=\"Apareci\u00f3 Ricardo Arjona luego del terromoto de Chile 2\" title=\"Apareci\u00f3 Ricardo Arjona luego del terromoto de Chile 2\" width=\"450\" height=\"337\" class=\"aligncenter size-medium wp-image-8681\" srcset=\"http:\/\/www.ricosyfamosos.org\/wp-content\/uploads\/2010\/03\/Apareci\u00f3-Ricardo-Arjona-luego-del-terromoto-de-Chile-2-450x337.jpg 450w, http:\/\/www.ricosyfamosos.org\/wp-content\/uploads\/2010\/03\/Apareci\u00f3-Ricardo-Arjona-luego-del-terromoto-de-Chile-2-118x87.jpg 118w, http:\/\/www.ricosyfamosos.org\/wp-content\/uploads\/2010\/03\/Apareci\u00f3-Ricardo-Arjona-luego-del-terromoto-de-Chile-2.jpg 500w\" sizes=\"auto, (max-width: 450px) 100vw, 450px\" \/><\/div>\n<p><\/p>\n<div align=\"justify\">El show esa noche termin\u00f3 solo a 45 minutos del terremoto. El cantanta tambi\u00e9n record\u00f3 que esa misma noche se encontraba planificando un concierto en la ciudad de Santiago de Chile, en el estadio de La Florida, para el cual ya se hab\u00edan vendido 15000 entradas.<br \/>\nRespecto a ese show dijo:<\/p>\n<blockquote><p>\u00abMi posici\u00f3n en este momento es hacer el concierto a la brevedad posible siempre que se nos den los permisos correspondientes y se den las condiciones para poder realizarlo\u00bb<\/p><\/blockquote>\n<blockquote><p>\u00abEste concierto se convertir\u00eda en una posibilidad de poner a disposici\u00f3n de los chilenos m\u00e1s afectados nuestra aportaci\u00f3n con lo que sea necesario para este pa\u00eds en un momento dif\u00edcil\u00bb.<\/p><\/blockquote>\n<p>Asimismo, Arjona aprovech\u00f3 la oportunidad para manifestar su dolor y su p\u00e9same a los familiares de las v\u00edctimas y expres\u00f3 su solidaridad con el pueblo chileno.<\/p><\/div>\n<p><\/p>\n","protected":false},"excerpt":{"rendered":"<p>Nada se sab\u00eda del cantante guatemalteco Ricardo Arjona, luego del terremoto en Chile. Recordemos que horas antes de la tragedia, Ricardo Arjona estuvo cantando en el festival de Vi\u00f1a del Mar 2010 y que fue gracias al cambio de horarios que hizo el cantante que no lo encontr\u00f3 el terremoto cantando sobre el escenario.<\/p>\n","protected":false},"author":1,"featured_media":0,"comment_status":"open","ping_status":"open","sticky":false,"template":"","format":"standard","meta":{"footnotes":""},"categories":[33,40,32],"tags":[1510],"class_list":["post-8679","post","type-post","status-publish","format-standard","hentry","category-noticias-de-cantantes","category-noticias-de-musica","category-noticias-generales","tag-ricardo-arjona"],"aioseo_notices":[],"_links":{"self":[{"href":"http:\/\/www.ricosyfamosos.org\/index.php\/wp-json\/wp\/v2\/posts\/8679","targetHints":{"allow":["GET"]}}],"collection":[{"href":"http:\/\/www.ricosyfamosos.org\/index.php\/wp-json\/wp\/v2\/posts"}],"about":[{"href":"http:\/\/www.ricosyfamosos.org\/index.php\/wp-json\/wp\/v2\/types\/post"}],"author":[{"embeddable":true,"href":"http:\/\/www.ricosyfamosos.org\/index.php\/wp-json\/wp\/v2\/users\/1"}],"replies":[{"embeddable":true,"href":"http:\/\/www.ricosyfamosos.org\/index.php\/wp-json\/wp\/v2\/comments?post=8679"}],"version-history":[{"count":0,"href":"http:\/\/www.ricosyfamosos.org\/index.php\/wp-json\/wp\/v2\/posts\/8679\/revisions"}],"wp:attachment":[{"href":"http:\/\/www.ricosyfamosos.org\/index.php\/wp-json\/wp\/v2\/media?parent=8679"}],"wp:term":[{"taxonomy":"category","embeddable":true,"href":"http:\/\/www.ricosyfamosos.org\/index.php\/wp-json\/wp\/v2\/categories?post=8679"},{"taxonomy":"post_tag","embeddable":true,"href":"http:\/\/www.ricosyfamosos.org\/index.php\/wp-json\/wp\/v2\/tags?post=8679"}],"curies":[{"name":"wp","href":"https:\/\/api.w.org\/{rel}","templated":true}]}}