{"id":882,"date":"2008-11-14T14:55:26","date_gmt":"2008-11-14T20:55:26","guid":{"rendered":"http:\/\/www.ricosyfamosos.org\/?p=882"},"modified":"2008-11-14T14:55:26","modified_gmt":"2008-11-14T20:55:26","slug":"juanes-arraso-en-la-noche-de-los-grammy","status":"publish","type":"post","link":"http:\/\/www.ricosyfamosos.org\/index.php\/2008\/11\/14\/juanes-arraso-en-la-noche-de-los-grammy\/","title":{"rendered":"Juanes arras\u00f3 en la noche de los Grammy"},"content":{"rendered":"<div align=\"center\"><img loading=\"lazy\" decoding=\"async\" src=\"http:\/\/www.ricosyfamosos.org\/wp-content\/uploads\/2008\/11\/juanes1-450x300.jpg\" alt=\"\" title=\"juanes1\" width=\"450\" height=\"300\" class=\"aligncenter size-thumbnail wp-image-883\" \/><\/div>\n<p>El cantante colombiano <strong>Juanes<\/strong> tuvo la mejor noche en la novena edici\u00f3n de los premios <strong>Grammy Latino<\/strong>, que se realiz\u00f3 en Houston, al quedarse con los cinco premios para los que hab\u00eda sido nominado, incluidos los de \u00abGrabaci\u00f3n Del A\u00f1o\u00bb, \u00abMejor Canci\u00f3n\u00bb y \u00ab\u00c1lbum\u00bb.<\/p>\n<blockquote><p>\u00abEs que no me lo creo, esto es un milagro\u00bb<\/p><\/blockquote>\n<p>Otros artistas que recibieron premios fueron:<br \/>\n<strong>Caf\u00e9 Tacuba<\/strong> (Mejor Canci\u00f3n de Rock por \u00abEsta vez\u00bb y a la Mejor Canci\u00f3n Alternativa por \u00abVolver a Comenzar\u00bb)<br \/>\n<strong>Kany Garc\u00eda<\/strong> (Mejor \u00c1lbum Vocal Pop Femenino, por \u00abCualquier D\u00eda\u00bb)<br \/>\n<strong>Julieta Venegas<\/strong>(Mejor V\u00eddeo Musical versi\u00f3n larga y al Mejor \u00c1lbum de M\u00fasica Alternativa, por \u00abMTV Unplugged\u00bb)<br \/>\n<strong>Gloria Estefan<\/strong> (Mejor \u00c1lbum Tropical Tradicional, por \u00ab90 Millas\u00bb y en la de Mejor Canci\u00f3n Tropical, por \u00abP\u00edntame De Colores\u00bb)<br \/>\n<strong>Andr\u00e9s Calamaro<\/strong> (Mejor \u00c1lbum Rock Solo por \u00abLa lengua popular\u00bb)<br \/>\n<strong>Fito P\u00e1ez<\/strong> (Mejor \u00c1lbum Cantautor por \u00abRodolfo\u00bb)<\/p>\n","protected":false},"excerpt":{"rendered":"<p>El cantante colombiano Juanes tuvo la mejor noche en la novena edici\u00f3n de los premios Grammy Latino, que se realiz\u00f3 en Houston, al quedarse con los cinco premios para los que hab\u00eda sido nominado, incluidos los de \u00abGrabaci\u00f3n Del A\u00f1o\u00bb, \u00abMejor Canci\u00f3n\u00bb y \u00ab\u00c1lbum\u00bb. \u00abEs que no me lo creo, esto es un milagro\u00bb Otros [&hellip;]<\/p>\n","protected":false},"author":1,"featured_media":0,"comment_status":"open","ping_status":"open","sticky":false,"template":"","format":"standard","meta":{"footnotes":""},"categories":[33,40,32],"tags":[512,513,118],"class_list":["post-882","post","type-post","status-publish","format-standard","hentry","category-noticias-de-cantantes","category-noticias-de-musica","category-noticias-generales","tag-grammy-latino","tag-juanes","tag-premios-grammy"],"aioseo_notices":[],"_links":{"self":[{"href":"http:\/\/www.ricosyfamosos.org\/index.php\/wp-json\/wp\/v2\/posts\/882","targetHints":{"allow":["GET"]}}],"collection":[{"href":"http:\/\/www.ricosyfamosos.org\/index.php\/wp-json\/wp\/v2\/posts"}],"about":[{"href":"http:\/\/www.ricosyfamosos.org\/index.php\/wp-json\/wp\/v2\/types\/post"}],"author":[{"embeddable":true,"href":"http:\/\/www.ricosyfamosos.org\/index.php\/wp-json\/wp\/v2\/users\/1"}],"replies":[{"embeddable":true,"href":"http:\/\/www.ricosyfamosos.org\/index.php\/wp-json\/wp\/v2\/comments?post=882"}],"version-history":[{"count":0,"href":"http:\/\/www.ricosyfamosos.org\/index.php\/wp-json\/wp\/v2\/posts\/882\/revisions"}],"wp:attachment":[{"href":"http:\/\/www.ricosyfamosos.org\/index.php\/wp-json\/wp\/v2\/media?parent=882"}],"wp:term":[{"taxonomy":"category","embeddable":true,"href":"http:\/\/www.ricosyfamosos.org\/index.php\/wp-json\/wp\/v2\/categories?post=882"},{"taxonomy":"post_tag","embeddable":true,"href":"http:\/\/www.ricosyfamosos.org\/index.php\/wp-json\/wp\/v2\/tags?post=882"}],"curies":[{"name":"wp","href":"https:\/\/api.w.org\/{rel}","templated":true}]}}