{"id":8964,"date":"2010-03-13T10:10:39","date_gmt":"2010-03-13T16:10:39","guid":{"rendered":"http:\/\/www.ricosyfamosos.org\/?p=8964"},"modified":"2010-03-13T10:10:39","modified_gmt":"2010-03-13T16:10:39","slug":"serrat-se-recupera-de-su-operacion","status":"publish","type":"post","link":"http:\/\/www.ricosyfamosos.org\/index.php\/2010\/03\/13\/serrat-se-recupera-de-su-operacion\/","title":{"rendered":"Serrat se recupera de su operaci\u00f3n"},"content":{"rendered":"<div align=\"center\"><img loading=\"lazy\" decoding=\"async\" src=\"http:\/\/www.ricosyfamosos.org\/wp-content\/uploads\/2010\/03\/Serrat-se-recupera-de-su-operaci\u00f3n-450x570.jpg\" alt=\"Serrat se recupera de su operaci\u00f3n\" title=\"Serrat se recupera de su operaci\u00f3n\" width=\"450\" height=\"570\" class=\"aligncenter size-medium wp-image-8965\" srcset=\"http:\/\/www.ricosyfamosos.org\/wp-content\/uploads\/2010\/03\/Serrat-se-recupera-de-su-operaci\u00f3n-450x570.jpg 450w, http:\/\/www.ricosyfamosos.org\/wp-content\/uploads\/2010\/03\/Serrat-se-recupera-de-su-operaci\u00f3n.jpg 640w\" sizes=\"auto, (max-width: 450px) 100vw, 450px\" \/><\/div>\n<p><\/p>\n<div align=\"justify\">El cantautor catal\u00e1n de 66 a\u00f1os, <strong>Joan Manuel Serrat<\/strong> \u00abevoluciona bien\u00bb de su reciente operaci\u00f3n para extraerle un n\u00f3dulo pulmonar. As\u00ed los confirmaron fuentes de la Cl\u00ednica Quir\u00f3n de Barcelona, donde fue intervenido.<br \/>\nEl peque\u00f1o tumor fue detectado hace unos diez d\u00edas y <strong>Serrat<\/strong> decidi\u00f3 operarse \u00abinmediatamente\u00bb, para no tener que retrasar m\u00e1s de lo inevitable la presentaci\u00f3n de su nueva gira \u00ab<em>Hijo de la luz y de la sombra<\/em>\u00ab, el tour monogr\u00e1fico dedicado a <em>Miguel Hern\u00e1ndez<\/em>.<br \/>\nEsperemos que <strong>Serrat<\/strong> termine por recupararse y pronto incie esta tan esperada gira que lo llevar\u00e1 a cientos de ciudades en el mundo.<br \/>\nFuerza!!!! <strong>Joan Manuel Serrat<\/strong>!!!<\/div>\n<p><\/p>\n","protected":false},"excerpt":{"rendered":"<p>El cantautor catal\u00e1n de 66 a\u00f1os, Joan Manuel Serrat \u00abevoluciona bien\u00bb de su reciente operaci\u00f3n para extraerle un n\u00f3dulo pulmonar. As\u00ed los confirmaron fuentes de la Cl\u00ednica Quir\u00f3n de Barcelona, donde fue intervenido. El peque\u00f1o tumor fue detectado hace unos diez d\u00edas y Serrat decidi\u00f3 operarse \u00abinmediatamente\u00bb, para no tener que retrasar m\u00e1s de lo [&hellip;]<\/p>\n","protected":false},"author":1,"featured_media":0,"comment_status":"open","ping_status":"open","sticky":false,"template":"","format":"standard","meta":{"footnotes":""},"categories":[33,40,32],"tags":[1200,1201],"class_list":["post-8964","post","type-post","status-publish","format-standard","hentry","category-noticias-de-cantantes","category-noticias-de-musica","category-noticias-generales","tag-joan-manuel-serrat","tag-serrat"],"aioseo_notices":[],"_links":{"self":[{"href":"http:\/\/www.ricosyfamosos.org\/index.php\/wp-json\/wp\/v2\/posts\/8964","targetHints":{"allow":["GET"]}}],"collection":[{"href":"http:\/\/www.ricosyfamosos.org\/index.php\/wp-json\/wp\/v2\/posts"}],"about":[{"href":"http:\/\/www.ricosyfamosos.org\/index.php\/wp-json\/wp\/v2\/types\/post"}],"author":[{"embeddable":true,"href":"http:\/\/www.ricosyfamosos.org\/index.php\/wp-json\/wp\/v2\/users\/1"}],"replies":[{"embeddable":true,"href":"http:\/\/www.ricosyfamosos.org\/index.php\/wp-json\/wp\/v2\/comments?post=8964"}],"version-history":[{"count":0,"href":"http:\/\/www.ricosyfamosos.org\/index.php\/wp-json\/wp\/v2\/posts\/8964\/revisions"}],"wp:attachment":[{"href":"http:\/\/www.ricosyfamosos.org\/index.php\/wp-json\/wp\/v2\/media?parent=8964"}],"wp:term":[{"taxonomy":"category","embeddable":true,"href":"http:\/\/www.ricosyfamosos.org\/index.php\/wp-json\/wp\/v2\/categories?post=8964"},{"taxonomy":"post_tag","embeddable":true,"href":"http:\/\/www.ricosyfamosos.org\/index.php\/wp-json\/wp\/v2\/tags?post=8964"}],"curies":[{"name":"wp","href":"https:\/\/api.w.org\/{rel}","templated":true}]}}