{"id":8968,"date":"2010-03-13T13:08:39","date_gmt":"2010-03-13T19:08:39","guid":{"rendered":"http:\/\/www.ricosyfamosos.org\/?p=8968"},"modified":"2010-03-13T13:20:07","modified_gmt":"2010-03-13T19:20:07","slug":"madres-e-hijas-salma-hayek-y-valentina","status":"publish","type":"post","link":"http:\/\/www.ricosyfamosos.org\/index.php\/2010\/03\/13\/madres-e-hijas-salma-hayek-y-valentina\/","title":{"rendered":"Madres e hijas: Salma Hayek y Valentina"},"content":{"rendered":"<div align=\"justify\">Hoy realizaremos un especial de madres e hijas famosas. Bellas mujeres, con sus dulces reto\u00f1os compartiendo momentos de ocio y de diversi\u00f3n.<\/div>\n<p><\/p>\n<div align=\"center\"><img loading=\"lazy\" decoding=\"async\" src=\"http:\/\/www.ricosyfamosos.org\/wp-content\/uploads\/2010\/03\/Madres-e-hijas-Salma-Hayek-y-Valentina-2-450x320.jpg\" alt=\"100312X7\" title=\"100312X7\" width=\"450\" height=\"320\" class=\"aligncenter size-medium wp-image-8970\" srcset=\"http:\/\/www.ricosyfamosos.org\/wp-content\/uploads\/2010\/03\/Madres-e-hijas-Salma-Hayek-y-Valentina-2-450x320.jpg 450w, http:\/\/www.ricosyfamosos.org\/wp-content\/uploads\/2010\/03\/Madres-e-hijas-Salma-Hayek-y-Valentina-2-1024x728.jpg 1024w, http:\/\/www.ricosyfamosos.org\/wp-content\/uploads\/2010\/03\/Madres-e-hijas-Salma-Hayek-y-Valentina-2.jpg 1222w\" sizes=\"auto, (max-width: 450px) 100vw, 450px\" \/><\/div>\n<p><\/p>\n<div align=\"justify\">La primera pareja elegida es la de <strong>Salma Hayek de 43 a\u00f1os <\/strong> y su primog\u00e9nita <strong>Valentina<\/strong> de 2. Ambas con looks muy a la moda y luciendo su belleza.<br \/>\nAqu\u00ed las podemos ver en el aeropuerto LAX listas para tomar un vuelo juntas.<\/div>\n<p>\n<!--more--><\/p>\n<div align=\"justify\">Madre e hija con rumbos desconocidos pero compartiendo con amor&#8230;<\/div>\n<p><\/p>\n<div align=\"center\"><img loading=\"lazy\" decoding=\"async\" src=\"http:\/\/www.ricosyfamosos.org\/wp-content\/uploads\/2010\/03\/Madres-e-hijas-Salma-Hayek-y-Valentina-1-450x643.jpg\" alt=\"100312X7\" title=\"100312X7\" width=\"450\" height=\"643\" class=\"aligncenter size-medium wp-image-8969\" srcset=\"http:\/\/www.ricosyfamosos.org\/wp-content\/uploads\/2010\/03\/Madres-e-hijas-Salma-Hayek-y-Valentina-1-450x643.jpg 450w, http:\/\/www.ricosyfamosos.org\/wp-content\/uploads\/2010\/03\/Madres-e-hijas-Salma-Hayek-y-Valentina-1-716x1024.jpg 716w, http:\/\/www.ricosyfamosos.org\/wp-content\/uploads\/2010\/03\/Madres-e-hijas-Salma-Hayek-y-Valentina-1.jpg 855w\" sizes=\"auto, (max-width: 450px) 100vw, 450px\" \/><\/p>\n<p><img loading=\"lazy\" decoding=\"async\" src=\"http:\/\/www.ricosyfamosos.org\/wp-content\/uploads\/2010\/03\/Madres-e-hijas-Salma-Hayek-y-Valentina-3-450x636.jpg\" alt=\"100312X7\" title=\"100312X7\" width=\"450\" height=\"636\" class=\"aligncenter size-medium wp-image-8971\" srcset=\"http:\/\/www.ricosyfamosos.org\/wp-content\/uploads\/2010\/03\/Madres-e-hijas-Salma-Hayek-y-Valentina-3-450x636.jpg 450w, http:\/\/www.ricosyfamosos.org\/wp-content\/uploads\/2010\/03\/Madres-e-hijas-Salma-Hayek-y-Valentina-3-724x1024.jpg 724w, http:\/\/www.ricosyfamosos.org\/wp-content\/uploads\/2010\/03\/Madres-e-hijas-Salma-Hayek-y-Valentina-3.jpg 864w\" sizes=\"auto, (max-width: 450px) 100vw, 450px\" \/><\/p>\n<p><img loading=\"lazy\" decoding=\"async\" src=\"http:\/\/www.ricosyfamosos.org\/wp-content\/uploads\/2010\/03\/Madres-e-hijas-Salma-Hayek-y-Valentina-4-449x673.jpg\" alt=\"100312X7\" title=\"100312X7\" width=\"449\" height=\"673\" class=\"aligncenter size-medium wp-image-8972\" \/><\/div>\n<p><\/p>\n<p>Fuente: <a href=\"http:\/\/justjared.buzznet.com\/2010\/03\/13\/salma-hayek-valentina-fly-the-friendly-skies\/\" target=\"_blank\">justjared.buzznet.com<\/a><\/p>\n","protected":false},"excerpt":{"rendered":"<p>Hoy realizaremos un especial de madres e hijas famosas. Bellas mujeres, con sus dulces reto\u00f1os compartiendo momentos de ocio y de diversi\u00f3n. La primera pareja elegida es la de Salma Hayek de 43 a\u00f1os y su primog\u00e9nita Valentina de 2. Ambas con looks muy a la moda y luciendo su belleza. Aqu\u00ed las podemos ver [&hellip;]<\/p>\n","protected":false},"author":1,"featured_media":0,"comment_status":"open","ping_status":"open","sticky":false,"template":"","format":"standard","meta":{"footnotes":""},"categories":[50,31,44,32],"tags":[520,1544],"class_list":["post-8968","post","type-post","status-publish","format-standard","hentry","category-fotos-de-famosas","category-noticias-de-actrices","category-noticias-de-cine","category-noticias-generales","tag-salma-hayek","tag-valentina"],"aioseo_notices":[],"_links":{"self":[{"href":"http:\/\/www.ricosyfamosos.org\/index.php\/wp-json\/wp\/v2\/posts\/8968","targetHints":{"allow":["GET"]}}],"collection":[{"href":"http:\/\/www.ricosyfamosos.org\/index.php\/wp-json\/wp\/v2\/posts"}],"about":[{"href":"http:\/\/www.ricosyfamosos.org\/index.php\/wp-json\/wp\/v2\/types\/post"}],"author":[{"embeddable":true,"href":"http:\/\/www.ricosyfamosos.org\/index.php\/wp-json\/wp\/v2\/users\/1"}],"replies":[{"embeddable":true,"href":"http:\/\/www.ricosyfamosos.org\/index.php\/wp-json\/wp\/v2\/comments?post=8968"}],"version-history":[{"count":0,"href":"http:\/\/www.ricosyfamosos.org\/index.php\/wp-json\/wp\/v2\/posts\/8968\/revisions"}],"wp:attachment":[{"href":"http:\/\/www.ricosyfamosos.org\/index.php\/wp-json\/wp\/v2\/media?parent=8968"}],"wp:term":[{"taxonomy":"category","embeddable":true,"href":"http:\/\/www.ricosyfamosos.org\/index.php\/wp-json\/wp\/v2\/categories?post=8968"},{"taxonomy":"post_tag","embeddable":true,"href":"http:\/\/www.ricosyfamosos.org\/index.php\/wp-json\/wp\/v2\/tags?post=8968"}],"curies":[{"name":"wp","href":"https:\/\/api.w.org\/{rel}","templated":true}]}}