{"id":9571,"date":"2011-06-09T16:48:37","date_gmt":"2011-06-09T22:48:37","guid":{"rendered":"http:\/\/www.ricosyfamosos.org\/?p=9571"},"modified":"2011-06-09T16:48:37","modified_gmt":"2011-06-09T22:48:37","slug":"jennifer-garner-diserto-en-el-capitolio","status":"publish","type":"post","link":"http:\/\/www.ricosyfamosos.org\/index.php\/2011\/06\/09\/jennifer-garner-diserto-en-el-capitolio\/","title":{"rendered":"Jennifer Garner disert\u00f3 en el Capitolio"},"content":{"rendered":"<div align=\"justify\">Comprometida con su papel como embajadora de la ONG \u00abSave the Children\u00bb, la actriz norteamericana, <strong>Jennifer Garner<\/strong> dio completo discurso en el Capitolio de Washington, Estados Unidos.<\/div>\n<p><\/p>\n<div align=\"center\"><img loading=\"lazy\" decoding=\"async\" src=\"http:\/\/www.ricosyfamosos.org\/wp-content\/uploads\/2011\/06\/Jennifer-Garner-disert\u00f3-en-el-Capitolio.jpg\" alt=\"Jennifer Garner disert\u00f3 en el Capitolio\" title=\"Jennifer Garner disert\u00f3 en el Capitolio\" width=\"490\" height=\"311\" class=\"aligncenter size-full wp-image-9572\" srcset=\"http:\/\/www.ricosyfamosos.org\/wp-content\/uploads\/2011\/06\/Jennifer-Garner-disert\u00f3-en-el-Capitolio.jpg 490w, http:\/\/www.ricosyfamosos.org\/wp-content\/uploads\/2011\/06\/Jennifer-Garner-disert\u00f3-en-el-Capitolio-450x285.jpg 450w\" sizes=\"auto, (max-width: 490px) 100vw, 490px\" \/><\/div>\n<p><\/p>\n<div align=\"justify\">Fue ayer, y frente a todos los presentes cuando la actriz disert\u00f3 sobre la importancia de la calidad de la educaci\u00f3n en la edad temprana y de que el acceso a la misma sea para todos los ni\u00f1os.<\/div>\n<p><\/p>\n<div align=\"justify\">Un 10 para <strong>Jennifer Garner<\/strong> y su compromiso con las generaciones m\u00e1s j\u00f3venes!<\/div>\n<p><\/p>\n<p><!--more--><br \/>\nFoto: elpais.com<\/p>\n","protected":false},"excerpt":{"rendered":"<p>Comprometida con su papel como embajadora de la ONG \u00abSave the Children\u00bb, la actriz norteamericana, Jennifer Garner dio completo discurso en el Capitolio de Washington, Estados Unidos. Fue ayer, y frente a todos los presentes cuando la actriz disert\u00f3 sobre la importancia de la calidad de la educaci\u00f3n en la edad temprana y de que [&hellip;]<\/p>\n","protected":false},"author":1,"featured_media":0,"comment_status":"open","ping_status":"open","sticky":false,"template":"","format":"standard","meta":{"footnotes":""},"categories":[31,32],"tags":[128],"class_list":["post-9571","post","type-post","status-publish","format-standard","hentry","category-noticias-de-actrices","category-noticias-generales","tag-jennifer-garner"],"aioseo_notices":[],"_links":{"self":[{"href":"http:\/\/www.ricosyfamosos.org\/index.php\/wp-json\/wp\/v2\/posts\/9571","targetHints":{"allow":["GET"]}}],"collection":[{"href":"http:\/\/www.ricosyfamosos.org\/index.php\/wp-json\/wp\/v2\/posts"}],"about":[{"href":"http:\/\/www.ricosyfamosos.org\/index.php\/wp-json\/wp\/v2\/types\/post"}],"author":[{"embeddable":true,"href":"http:\/\/www.ricosyfamosos.org\/index.php\/wp-json\/wp\/v2\/users\/1"}],"replies":[{"embeddable":true,"href":"http:\/\/www.ricosyfamosos.org\/index.php\/wp-json\/wp\/v2\/comments?post=9571"}],"version-history":[{"count":0,"href":"http:\/\/www.ricosyfamosos.org\/index.php\/wp-json\/wp\/v2\/posts\/9571\/revisions"}],"wp:attachment":[{"href":"http:\/\/www.ricosyfamosos.org\/index.php\/wp-json\/wp\/v2\/media?parent=9571"}],"wp:term":[{"taxonomy":"category","embeddable":true,"href":"http:\/\/www.ricosyfamosos.org\/index.php\/wp-json\/wp\/v2\/categories?post=9571"},{"taxonomy":"post_tag","embeddable":true,"href":"http:\/\/www.ricosyfamosos.org\/index.php\/wp-json\/wp\/v2\/tags?post=9571"}],"curies":[{"name":"wp","href":"https:\/\/api.w.org\/{rel}","templated":true}]}}