{"id":9617,"date":"2011-06-14T10:35:57","date_gmt":"2011-06-14T16:35:57","guid":{"rendered":"http:\/\/www.ricosyfamosos.org\/?p=9617"},"modified":"2011-06-14T10:35:57","modified_gmt":"2011-06-14T16:35:57","slug":"angelina-jolie-poso-para-la-campana-de-louis-vuitton","status":"publish","type":"post","link":"http:\/\/www.ricosyfamosos.org\/index.php\/2011\/06\/14\/angelina-jolie-poso-para-la-campana-de-louis-vuitton\/","title":{"rendered":"Angelina Jolie pos\u00f3 para la campa\u00f1a de Louis Vuitton"},"content":{"rendered":"<div align=\"justify\">Vestida con su propia ropa, sin maquillaje y en uno de los lugares que m\u00e1s ama en el mundo, la actriz <strong>Angelina Jolie<\/strong> pos\u00f3 para la campa\u00f1a de <strong>Louis Vuitton<\/strong> \u00abCore Values\u00bb.<\/div>\n<p><\/p>\n<div align=\"center\"><img loading=\"lazy\" decoding=\"async\" src=\"http:\/\/www.ricosyfamosos.org\/wp-content\/uploads\/2011\/06\/Angelina-Jolie-pos\u00f3-para-la-campa\u00f1a-de-Louis-Vuitton.jpg\" alt=\"Angelina Jolie pos\u00f3 para la campa\u00f1a de Louis Vuitton\" title=\"Angelina Jolie pos\u00f3 para la campa\u00f1a de Louis Vuitton\" width=\"490\" height=\"358\" class=\"aligncenter size-full wp-image-9618\" srcset=\"http:\/\/www.ricosyfamosos.org\/wp-content\/uploads\/2011\/06\/Angelina-Jolie-pos\u00f3-para-la-campa\u00f1a-de-Louis-Vuitton.jpg 490w, http:\/\/www.ricosyfamosos.org\/wp-content\/uploads\/2011\/06\/Angelina-Jolie-pos\u00f3-para-la-campa\u00f1a-de-Louis-Vuitton-450x328.jpg 450w, http:\/\/www.ricosyfamosos.org\/wp-content\/uploads\/2011\/06\/Angelina-Jolie-pos\u00f3-para-la-campa\u00f1a-de-Louis-Vuitton-118x87.jpg 118w\" sizes=\"auto, (max-width: 490px) 100vw, 490px\" \/><\/div>\n<p><\/p>\n<div align=\"justify\">Claro est\u00e1, que esta hermos\u00edsima actriz pos\u00f3 junto a los bolsos de la marca. El lugar elegido fue en la provincia de Siem Reap, Camboya. El fot\u00f3grafo fue Annie Leibovitz, y se dice que en el set, para conseguir esta toma, tuvieron que encontrar el momento justo en que los hijos de Angelina salieran de la toma. Los peque\u00f1os s\u00f3lo quer\u00edan estar junto a su madre.<\/div>\n<p><\/p>\n<div align=\"justify\">Radiante y hermosa c\u00f3mo siempre!!!<\/div>\n<p>\n<!--more--><br \/>\nFoto: <a href=\"http:\/\/justjared.buzznet.com\/2011\/06\/13\/angelina-jolie-poses-for-louis-vuitton%E2%80%99s-core-values-campaign\/\" target=\"_blank\">justjared<\/a><\/p>\n","protected":false},"excerpt":{"rendered":"<p>Vestida con su propia ropa, sin maquillaje y en uno de los lugares que m\u00e1s ama en el mundo, la actriz Angelina Jolie pos\u00f3 para la campa\u00f1a de Louis Vuitton \u00abCore Values\u00bb. Claro est\u00e1, que esta hermos\u00edsima actriz pos\u00f3 junto a los bolsos de la marca. El lugar elegido fue en la provincia de Siem [&hellip;]<\/p>\n","protected":false},"author":1,"featured_media":0,"comment_status":"open","ping_status":"open","sticky":false,"template":"","format":"standard","meta":{"footnotes":""},"categories":[50,31,1071,32],"tags":[252,1606],"class_list":["post-9617","post","type-post","status-publish","format-standard","hentry","category-fotos-de-famosas","category-noticias-de-actrices","category-noticias-de-moda-y-modelos","category-noticias-generales","tag-angelina-jolie","tag-louis-vuitton"],"aioseo_notices":[],"_links":{"self":[{"href":"http:\/\/www.ricosyfamosos.org\/index.php\/wp-json\/wp\/v2\/posts\/9617","targetHints":{"allow":["GET"]}}],"collection":[{"href":"http:\/\/www.ricosyfamosos.org\/index.php\/wp-json\/wp\/v2\/posts"}],"about":[{"href":"http:\/\/www.ricosyfamosos.org\/index.php\/wp-json\/wp\/v2\/types\/post"}],"author":[{"embeddable":true,"href":"http:\/\/www.ricosyfamosos.org\/index.php\/wp-json\/wp\/v2\/users\/1"}],"replies":[{"embeddable":true,"href":"http:\/\/www.ricosyfamosos.org\/index.php\/wp-json\/wp\/v2\/comments?post=9617"}],"version-history":[{"count":0,"href":"http:\/\/www.ricosyfamosos.org\/index.php\/wp-json\/wp\/v2\/posts\/9617\/revisions"}],"wp:attachment":[{"href":"http:\/\/www.ricosyfamosos.org\/index.php\/wp-json\/wp\/v2\/media?parent=9617"}],"wp:term":[{"taxonomy":"category","embeddable":true,"href":"http:\/\/www.ricosyfamosos.org\/index.php\/wp-json\/wp\/v2\/categories?post=9617"},{"taxonomy":"post_tag","embeddable":true,"href":"http:\/\/www.ricosyfamosos.org\/index.php\/wp-json\/wp\/v2\/tags?post=9617"}],"curies":[{"name":"wp","href":"https:\/\/api.w.org\/{rel}","templated":true}]}}