{"id":10185,"date":"2012-04-18T00:05:35","date_gmt":"2012-04-18T06:05:35","guid":{"rendered":"http:\/\/www.ricosyfamosos.org\/?p=10185"},"modified":"2012-04-17T23:20:04","modified_gmt":"2012-04-18T05:20:04","slug":"solo-fruta-para-el-cumpleanos-de-victoria-beckham","status":"publish","type":"post","link":"https:\/\/www.ricosyfamosos.org\/index.php\/2012\/04\/18\/solo-fruta-para-el-cumpleanos-de-victoria-beckham\/","title":{"rendered":"Solo fruta para el cumplea\u00f1os de Victoria Beckham"},"content":{"rendered":"<div align=\"center\"><img loading=\"lazy\" decoding=\"async\" src=\"http:\/\/www.ricosyfamosos.org\/wp-content\/uploads\/2012\/04\/solo-fruta-para-el-cumplea\u00f1os-de-victoria-beckham-01.jpg\" alt=\"\" title=\"solo-fruta-para-el-cumplea\u00f1os-de-victoria-beckham-01\" width=\"490\" height=\"400\" class=\"aligncenter size-full wp-image-10186\" srcset=\"https:\/\/www.ricosyfamosos.org\/wp-content\/uploads\/2012\/04\/solo-fruta-para-el-cumplea\u00f1os-de-victoria-beckham-01.jpg 490w, https:\/\/www.ricosyfamosos.org\/wp-content\/uploads\/2012\/04\/solo-fruta-para-el-cumplea\u00f1os-de-victoria-beckham-01-450x367.jpg 450w\" sizes=\"auto, (max-width: 490px) 100vw, 490px\" \/><\/div>\n<p><\/p>\n<div align=\"justify\">S\u00ed, al parecer, <strong>Victoria Beckham<\/strong> a pesar de estar flaqu\u00edsima, no se da un gusto ni para su cumplea\u00f1os, ya que para el festejo de sus 38 a\u00f1os, solo hubo un plato con frutas muy bien ornamentado.<\/div>\n<p><\/p>\n<p><!--more--><\/p>\n<div align=\"center\"><img loading=\"lazy\" decoding=\"async\" src=\"http:\/\/www.ricosyfamosos.org\/wp-content\/uploads\/2012\/04\/solo-fruta-para-el-cumplea\u00f1os-de-victoria-beckham-02.jpg\" alt=\"\" title=\"solo-fruta-para-el-cumplea\u00f1os-de-victoria-beckham-02\" width=\"490\" height=\"333\" class=\"aligncenter size-full wp-image-10187\" srcset=\"https:\/\/www.ricosyfamosos.org\/wp-content\/uploads\/2012\/04\/solo-fruta-para-el-cumplea\u00f1os-de-victoria-beckham-02.jpg 490w, https:\/\/www.ricosyfamosos.org\/wp-content\/uploads\/2012\/04\/solo-fruta-para-el-cumplea\u00f1os-de-victoria-beckham-02-450x305.jpg 450w\" sizes=\"auto, (max-width: 490px) 100vw, 490px\" \/><\/p>\n<p><img loading=\"lazy\" decoding=\"async\" src=\"http:\/\/www.ricosyfamosos.org\/wp-content\/uploads\/2012\/04\/solo-fruta-para-el-cumplea\u00f1os-de-victoria-beckham-03.jpg\" alt=\"\" title=\"solo-fruta-para-el-cumplea\u00f1os-de-victoria-beckham-03\" width=\"490\" height=\"393\" class=\"aligncenter size-full wp-image-10188\" srcset=\"https:\/\/www.ricosyfamosos.org\/wp-content\/uploads\/2012\/04\/solo-fruta-para-el-cumplea\u00f1os-de-victoria-beckham-03.jpg 490w, https:\/\/www.ricosyfamosos.org\/wp-content\/uploads\/2012\/04\/solo-fruta-para-el-cumplea\u00f1os-de-victoria-beckham-03-450x360.jpg 450w\" sizes=\"auto, (max-width: 490px) 100vw, 490px\" \/><\/div>\n<p><\/p>\n<div align=\"justify\">Acompa\u00f1ada de su esposo <strong>David Beckham<\/strong> y su hija <strong>Honor,<\/strong> la ex Spice Girl, decidi\u00f3 celebrar solo con la presencia de sus seres queridos. En su casa de Los \u00c1ngeles estaba acompa\u00f1ada de toda su tropa, con sus tres hijos varones, y una decoraci\u00f3n muy femme, que entonaban con el atuendo de la peque\u00f1a Honor.<\/p>\n<p>Felicitaciones por el cumplea\u00f1os&#8230;esperamos una torta para el pr\u00f3ximo!!<\/p><\/div>\n<p><\/p>\n<div align=\"center\"><img loading=\"lazy\" decoding=\"async\" src=\"http:\/\/www.ricosyfamosos.org\/wp-content\/uploads\/2012\/04\/solo-fruta-para-el-cumplea\u00f1os-de-victoria-beckham-04.jpg\" alt=\"\" title=\"solo-fruta-para-el-cumplea\u00f1os-de-victoria-beckham-04\" width=\"490\" height=\"336\" class=\"aligncenter size-full wp-image-10189\" srcset=\"https:\/\/www.ricosyfamosos.org\/wp-content\/uploads\/2012\/04\/solo-fruta-para-el-cumplea\u00f1os-de-victoria-beckham-04.jpg 490w, https:\/\/www.ricosyfamosos.org\/wp-content\/uploads\/2012\/04\/solo-fruta-para-el-cumplea\u00f1os-de-victoria-beckham-04-450x308.jpg 450w\" sizes=\"auto, (max-width: 490px) 100vw, 490px\" \/><\/div>\n<p><\/p>\n<p>Fuente: <a href=\"http:\/\/www.dailymail.co.uk\/tvshowbiz\/article-2131184\/Skinny-Victoria-Beckham-celebrates-38th-birthday-fruit-platter-lunch-David-Harper.html\" target=\"_blank\">dailymail<\/a><\/p>\n","protected":false},"excerpt":{"rendered":"<p>S\u00ed, al parecer, Victoria Beckham a pesar de estar flaqu\u00edsima, no se da un gusto ni para su cumplea\u00f1os, ya que para el festejo de sus 38 a\u00f1os, solo hubo un plato con frutas muy bien ornamentado.<\/p>\n","protected":false},"author":3,"featured_media":0,"comment_status":"open","ping_status":"open","sticky":false,"template":"","format":"standard","meta":{"footnotes":""},"categories":[50,31,33,1071,32],"tags":[225,1180,1369,1640],"class_list":["post-10185","post","type-post","status-publish","format-standard","hentry","category-fotos-de-famosas","category-noticias-de-actrices","category-noticias-de-cantantes","category-noticias-de-moda-y-modelos","category-noticias-generales","tag-victoria-beckham","tag-victoria-beckham-dieta","tag-victoria-beckham-linea-de-ropa","tag-victoria-beckham-y-david-beckham"],"aioseo_notices":[],"_links":{"self":[{"href":"https:\/\/www.ricosyfamosos.org\/index.php\/wp-json\/wp\/v2\/posts\/10185","targetHints":{"allow":["GET"]}}],"collection":[{"href":"https:\/\/www.ricosyfamosos.org\/index.php\/wp-json\/wp\/v2\/posts"}],"about":[{"href":"https:\/\/www.ricosyfamosos.org\/index.php\/wp-json\/wp\/v2\/types\/post"}],"author":[{"embeddable":true,"href":"https:\/\/www.ricosyfamosos.org\/index.php\/wp-json\/wp\/v2\/users\/3"}],"replies":[{"embeddable":true,"href":"https:\/\/www.ricosyfamosos.org\/index.php\/wp-json\/wp\/v2\/comments?post=10185"}],"version-history":[{"count":0,"href":"https:\/\/www.ricosyfamosos.org\/index.php\/wp-json\/wp\/v2\/posts\/10185\/revisions"}],"wp:attachment":[{"href":"https:\/\/www.ricosyfamosos.org\/index.php\/wp-json\/wp\/v2\/media?parent=10185"}],"wp:term":[{"taxonomy":"category","embeddable":true,"href":"https:\/\/www.ricosyfamosos.org\/index.php\/wp-json\/wp\/v2\/categories?post=10185"},{"taxonomy":"post_tag","embeddable":true,"href":"https:\/\/www.ricosyfamosos.org\/index.php\/wp-json\/wp\/v2\/tags?post=10185"}],"curies":[{"name":"wp","href":"https:\/\/api.w.org\/{rel}","templated":true}]}}