{"id":3828,"date":"2009-09-14T16:41:04","date_gmt":"2009-09-14T22:41:04","guid":{"rendered":"http:\/\/www.ricosyfamosos.org\/?p=3828"},"modified":"2009-09-14T16:41:04","modified_gmt":"2009-09-14T22:41:04","slug":"mas-looks-de-famosas-en-los-vmas-2009","status":"publish","type":"post","link":"https:\/\/www.ricosyfamosos.org\/index.php\/2009\/09\/14\/mas-looks-de-famosas-en-los-vmas-2009\/","title":{"rendered":"M\u00e1s looks de famosas en los VMAs 2009"},"content":{"rendered":"<div align=\"center\"><img loading=\"lazy\" decoding=\"async\" src=\"http:\/\/www.ricosyfamosos.org\/wp-content\/uploads\/2009\/09\/mas-looks-de-famosas-en-los-vmas-2009-07.jpg\" alt=\"M\u00e1s looks de famosas en los VMAs 2009 07\" title=\"M\u00e1s looks de famosas en los VMAs 2009 07\" width=\"450\" height=\"675\" class=\"aligncenter size-full wp-image-3836\" \/><\/div>\n<p><\/p>\n<div align=\"justify\">M\u00e1s estrellas que pasaron por la alfombra roja de los <strong>VMAs 2009<\/strong>&#8230;.Una colecci\u00f3n de estilos para disfrutar&#8230;.Con qui\u00e9n se quedan???<\/div>\n<p><\/p>\n<div align=\"justify\">1- La Reina del Pop, <strong>Madonna<\/strong>.<\/div>\n<p>\n<!--more--><\/p>\n<div align=\"center\"><img loading=\"lazy\" decoding=\"async\" src=\"http:\/\/www.ricosyfamosos.org\/wp-content\/uploads\/2009\/09\/mas-looks-de-famosas-en-los-vmas-2009-11.jpg\" alt=\"M\u00e1s looks de famosas en los VMAs 2009 11\" title=\"M\u00e1s looks de famosas en los VMAs 2009 11\" width=\"450\" height=\"675\" class=\"aligncenter size-full wp-image-3840\" \/><\/div>\n<p><\/p>\n<div align=\"justify\">2- <strong>Solange Knowles<\/strong>, la hermana de <strong>Beyonc\u00e9<\/strong>.<\/div>\n<p><\/p>\n<div align=\"center\"><img loading=\"lazy\" decoding=\"async\" src=\"http:\/\/www.ricosyfamosos.org\/wp-content\/uploads\/2009\/09\/mas-looks-de-famosas-en-los-vmas-2009-01.jpg\" alt=\"mas-looks-de-famosas-en-los-vmas-2009-01\" title=\"mas-looks-de-famosas-en-los-vmas-2009-01\" width=\"196\" height=\"610\" class=\"aligncenter size-full wp-image-3830\" \/><\/div>\n<p><\/p>\n<div align=\"justify\">3- La cantante, <strong>Jennifer L\u00f3pez<\/strong>.<\/div>\n<p><\/p>\n<div align=\"center\"><img loading=\"lazy\" decoding=\"async\" src=\"http:\/\/www.ricosyfamosos.org\/wp-content\/uploads\/2009\/09\/mas-looks-de-famosas-en-los-vmas-2009-02.jpg\" alt=\"mas-looks-de-famosas-en-los-vmas-2009-02\" title=\"mas-looks-de-famosas-en-los-vmas-2009-02\" width=\"306\" height=\"600\" class=\"aligncenter size-full wp-image-3831\" \/><\/div>\n<p><\/p>\n<div align=\"center\"><img loading=\"lazy\" decoding=\"async\" src=\"http:\/\/www.ricosyfamosos.org\/wp-content\/uploads\/2009\/09\/mas-looks-de-famosas-en-los-vmas-2009-03.jpg\" alt=\"mas-looks-de-famosas-en-los-vmas-2009-03\" title=\"mas-looks-de-famosas-en-los-vmas-2009-03\" width=\"306\" height=\"600\" class=\"aligncenter size-full wp-image-3832\" \/><\/div>\n<p><\/p>\n<div align=\"justify\">4- La inigualable, <strong>Pink<\/strong>.<\/div>\n<p><\/p>\n<div align=\"center\"><img loading=\"lazy\" decoding=\"async\" src=\"http:\/\/www.ricosyfamosos.org\/wp-content\/uploads\/2009\/09\/mas-looks-de-famosas-en-los-vmas-2009-04.jpg\" alt=\"mas-looks-de-famosas-en-los-vmas-2009-04\" title=\"mas-looks-de-famosas-en-los-vmas-2009-04\" width=\"306\" height=\"609\" class=\"aligncenter size-full wp-image-3833\" \/><\/div>\n<p><\/p>\n<div align=\"justify\">5- <strong>Nelly Furtado<\/strong>.<\/div>\n<p><\/p>\n<div align=\"center\"><img loading=\"lazy\" decoding=\"async\" src=\"http:\/\/www.ricosyfamosos.org\/wp-content\/uploads\/2009\/09\/mas-looks-de-famosas-en-los-vmas-2009-05.jpg\" alt=\"mas-looks-de-famosas-en-los-vmas-2009-05\" title=\"mas-looks-de-famosas-en-los-vmas-2009-05\" width=\"196\" height=\"610\" class=\"aligncenter size-full wp-image-3834\" \/><\/div>\n<p><\/p>\n<div align=\"justify\">6- La colombiana, <strong>Shakira<\/strong>.<\/div>\n<p><\/p>\n<div align=\"center\"><img loading=\"lazy\" decoding=\"async\" src=\"http:\/\/www.ricosyfamosos.org\/wp-content\/uploads\/2009\/09\/mas-looks-de-famosas-en-los-vmas-2009-08.jpg\" alt=\"M\u00e1s looks de famosas en los VMAs 2009 08\" title=\"M\u00e1s looks de famosas en los VMAs 2009 08\" width=\"450\" height=\"675\" class=\"aligncenter size-full wp-image-3837\" \/><\/div>\n<p><\/p>\n<div align=\"center\"><img loading=\"lazy\" decoding=\"async\" src=\"http:\/\/www.ricosyfamosos.org\/wp-content\/uploads\/2009\/09\/mas-looks-de-famosas-en-los-vmas-2009-12.jpg\" alt=\"M\u00e1s looks de famosas en los VMAs 2009 12\" title=\"M\u00e1s looks de famosas en los VMAs 2009 12\" width=\"450\" height=\"675\" class=\"aligncenter size-full wp-image-3847\" \/><\/div>\n<p><\/p>\n<div align=\"justify\">7- <strong>Shakira y Pink <\/strong>compartieron sin querer el mismo atuendo, pero se lo tomaron con humor&#8230;<\/div>\n<p><\/p>\n<div align=\"center\"><img loading=\"lazy\" decoding=\"async\" src=\"http:\/\/www.ricosyfamosos.org\/wp-content\/uploads\/2009\/09\/mas-looks-de-famosas-en-los-vmas-2009-06-450x642.jpg\" alt=\"mas-looks-de-famosas-en-los-vmas-2009-06\" title=\"mas-looks-de-famosas-en-los-vmas-2009-06\" width=\"450\" height=\"642\" class=\"aligncenter size-medium wp-image-3835\" srcset=\"https:\/\/www.ricosyfamosos.org\/wp-content\/uploads\/2009\/09\/mas-looks-de-famosas-en-los-vmas-2009-06-450x642.jpg 450w, https:\/\/www.ricosyfamosos.org\/wp-content\/uploads\/2009\/09\/mas-looks-de-famosas-en-los-vmas-2009-06.jpg 634w\" sizes=\"auto, (max-width: 450px) 100vw, 450px\" \/><\/div>\n<p><\/p>\n<div align=\"justify\">8- <strong>Alicia Keys<\/strong> en un D&#038;G.<\/div>\n<p><\/p>\n<div align=\"center\"><img loading=\"lazy\" decoding=\"async\" src=\"http:\/\/www.ricosyfamosos.org\/wp-content\/uploads\/2009\/09\/mas-looks-de-famosas-en-los-vmas-2009-09.jpg\" alt=\"M\u00e1s looks de famosas en los VMAs 2009 09\" title=\"M\u00e1s looks de famosas en los VMAs 2009 09\" width=\"450\" height=\"675\" class=\"aligncenter size-full wp-image-3838\" \/><\/div>\n<p><\/p>\n<div align=\"center\"><img loading=\"lazy\" decoding=\"async\" src=\"http:\/\/www.ricosyfamosos.org\/wp-content\/uploads\/2009\/09\/mas-looks-de-famosas-en-los-vmas-2009-13.jpg\" alt=\"M\u00e1s looks de famosas en los VMAs 2009 13\" title=\"M\u00e1s looks de famosas en los VMAs 2009 13\" width=\"450\" height=\"675\" class=\"aligncenter size-full wp-image-3841\" \/><\/div>\n<p><\/p>\n<div align=\"justify\">9- <strong>Leighton Meester<\/strong>.<\/div>\n<p><\/p>\n<div align=\"center\"><img loading=\"lazy\" decoding=\"async\" src=\"http:\/\/www.ricosyfamosos.org\/wp-content\/uploads\/2009\/09\/mas-looks-de-famosas-en-los-vmas-2009-10.jpg\" alt=\"M\u00e1s looks de famosas en los VMAs 2009 10\" title=\"M\u00e1s looks de famosas en los VMAs 2009 10\" width=\"450\" height=\"675\" class=\"aligncenter size-full wp-image-3839\" \/><\/div>\n<p><\/p>\n<div align=\"center\"><img loading=\"lazy\" decoding=\"async\" src=\"http:\/\/www.ricosyfamosos.org\/wp-content\/uploads\/2009\/09\/mas-looks-de-famosas-en-los-vmas-2009-14.jpg\" alt=\"M\u00e1s looks de famosas en los VMAs 2009 14\" title=\"M\u00e1s looks de famosas en los VMAs 2009 14\" width=\"450\" height=\"675\" class=\"aligncenter size-full wp-image-3842\" \/><\/div>\n<p><\/p>\n<div align=\"justify\">10- <strong>Ashley Greene<\/strong>.<\/div>\n<p><\/p>\n<div align=\"center\"><img loading=\"lazy\" decoding=\"async\" src=\"http:\/\/www.ricosyfamosos.org\/wp-content\/uploads\/2009\/09\/mas-looks-de-famosas-en-los-vmas-2009-15.jpg\" alt=\"M\u00e1s looks de famosas en los VMAs 2009 15\" title=\"M\u00e1s looks de famosas en los VMAs 2009 15\" width=\"450\" height=\"675\" class=\"aligncenter size-full wp-image-3843\" \/><\/div>\n<p><\/p>\n<div align=\"justify\">11- <strong>Kristin Cavallari<\/strong>.<\/div>\n<p><\/p>\n<div align=\"center\"><img loading=\"lazy\" decoding=\"async\" src=\"http:\/\/www.ricosyfamosos.org\/wp-content\/uploads\/2009\/09\/mas-looks-de-famosas-en-los-vmas-2009-16.jpg\" alt=\"M\u00e1s looks de famosas en los VMAs 2009 16\" title=\"M\u00e1s looks de famosas en los VMAs 2009 16\" width=\"450\" height=\"675\" class=\"aligncenter size-full wp-image-3844\" \/><\/div>\n<p><\/p>\n<div align=\"justify\">12- <strong>Stephanie Pratt<\/strong>.<\/div>\n<p><\/p>\n<div align=\"center\"><img loading=\"lazy\" decoding=\"async\" src=\"http:\/\/www.ricosyfamosos.org\/wp-content\/uploads\/2009\/09\/mas-looks-de-famosas-en-los-vmas-2009-17.jpg\" alt=\"M\u00e1s looks de famosas en los VMAs 2009 17\" title=\"M\u00e1s looks de famosas en los VMAs 2009 17\" width=\"450\" height=\"675\" class=\"aligncenter size-full wp-image-3845\" \/><\/div>\n<p><\/p>\n<div align=\"justify\">13- <strong>Lauren Conrad<\/strong>.<\/div>\n<p><\/p>\n<div align=\"center\"><img loading=\"lazy\" decoding=\"async\" src=\"http:\/\/www.ricosyfamosos.org\/wp-content\/uploads\/2009\/09\/mas-looks-de-famosas-en-los-vmas-2009-18.jpg\" alt=\"M\u00e1s looks de famosas en los VMAs 2009 18\" title=\"M\u00e1s looks de famosas en los VMAs 2009 18\" width=\"450\" height=\"675\" class=\"aligncenter size-full wp-image-3846\" \/><\/div>\n<p><\/p>\n<div align=\"justify\">14- <strong>Amanda Bynes<\/strong>.<\/div>\n<p><\/p>\n<div align=\"center\"><img loading=\"lazy\" decoding=\"async\" src=\"http:\/\/www.ricosyfamosos.org\/wp-content\/uploads\/2009\/09\/mas-looks-de-famosas-en-los-vmas-2009-19.jpg\" alt=\"M\u00e1s looks de famosas en los VMAs 2009 19\" title=\"M\u00e1s looks de famosas en los VMAs 2009 19\" width=\"450\" height=\"675\" class=\"aligncenter size-full wp-image-3829\" \/><\/div>\n<p><\/p>\n<p>Fotos: Dailymail, TheSuperficial, Getty.<\/p>\n","protected":false},"excerpt":{"rendered":"<p>M\u00e1s estrellas que pasaron por la alfombra roja de los VMAs 2009&#8230;.Una colecci\u00f3n de estilos para disfrutar&#8230;.Con qui\u00e9n se quedan??? 1- La Reina del Pop, Madonna.<\/p>\n","protected":false},"author":1,"featured_media":0,"comment_status":"open","ping_status":"open","sticky":false,"template":"","format":"standard","meta":{"footnotes":""},"categories":[50,31,33,40,36],"tags":[980,1031,1028,317,1029,1030,1027,26,988,529,448,1026,926,1024],"class_list":["post-3828","post","type-post","status-publish","format-standard","hentry","category-fotos-de-famosas","category-noticias-de-actrices","category-noticias-de-cantantes","category-noticias-de-musica","category-noticias-de-television","tag-alicia-keys","tag-amanda-bynes","tag-ashley-greene","tag-jennifer-lopez","tag-kristin-cavallari","tag-lauren-conrad","tag-leighton-meester","tag-madonna","tag-nelly-furtado","tag-pink","tag-shakira","tag-solange-knowles","tag-stephanie-pratt","tag-vmas-2009"],"aioseo_notices":[],"_links":{"self":[{"href":"https:\/\/www.ricosyfamosos.org\/index.php\/wp-json\/wp\/v2\/posts\/3828","targetHints":{"allow":["GET"]}}],"collection":[{"href":"https:\/\/www.ricosyfamosos.org\/index.php\/wp-json\/wp\/v2\/posts"}],"about":[{"href":"https:\/\/www.ricosyfamosos.org\/index.php\/wp-json\/wp\/v2\/types\/post"}],"author":[{"embeddable":true,"href":"https:\/\/www.ricosyfamosos.org\/index.php\/wp-json\/wp\/v2\/users\/1"}],"replies":[{"embeddable":true,"href":"https:\/\/www.ricosyfamosos.org\/index.php\/wp-json\/wp\/v2\/comments?post=3828"}],"version-history":[{"count":0,"href":"https:\/\/www.ricosyfamosos.org\/index.php\/wp-json\/wp\/v2\/posts\/3828\/revisions"}],"wp:attachment":[{"href":"https:\/\/www.ricosyfamosos.org\/index.php\/wp-json\/wp\/v2\/media?parent=3828"}],"wp:term":[{"taxonomy":"category","embeddable":true,"href":"https:\/\/www.ricosyfamosos.org\/index.php\/wp-json\/wp\/v2\/categories?post=3828"},{"taxonomy":"post_tag","embeddable":true,"href":"https:\/\/www.ricosyfamosos.org\/index.php\/wp-json\/wp\/v2\/tags?post=3828"}],"curies":[{"name":"wp","href":"https:\/\/api.w.org\/{rel}","templated":true}]}}