{"id":617,"date":"2008-05-04T13:12:05","date_gmt":"2008-05-04T19:12:05","guid":{"rendered":"http:\/\/www.ricosyfamosos.org\/index.php\/2008\/05\/04\/el-primer-comercial-de-tv-de-mcdonalds\/"},"modified":"2008-07-31T16:36:07","modified_gmt":"2008-07-31T22:36:07","slug":"el-primer-comercial-de-tv-de-mcdonalds","status":"publish","type":"post","link":"https:\/\/www.ricosyfamosos.org\/index.php\/2008\/05\/04\/el-primer-comercial-de-tv-de-mcdonalds\/","title":{"rendered":"El primer comercial de TV de McDonalds"},"content":{"rendered":"<p><object width=\"450\" height=\"355\"><param name=\"movie\" value=\"http:\/\/www.youtube.com\/v\/krXP_TUZqsk&#038;hl=en&#038;rel=0&#038;color1=0xe1600f&#038;color2=0xfebd01\"><\/param><param name=\"wmode\" value=\"transparent\"><\/param><embed src=\"http:\/\/www.youtube.com\/v\/krXP_TUZqsk&#038;hl=en&#038;rel=0&#038;color1=0xe1600f&#038;color2=0xfebd01\" type=\"application\/x-shockwave-flash\" wmode=\"transparent\" width=\"450\" height=\"355\"><\/embed><\/object><\/p>\n<p>Este fu\u00e9 el primer comercial para la televisi\u00f3n que lanz\u00f3 la cadena de comidas r\u00e1pidas McDonalds. A mi no me gustar\u00eda encontrarme con el Ronald de esa publicidad en la mitad de la noche, \u00bfda un poco de miedo verdad?<br \/>\nParece un comercial dirigido por Rob Zombie! <\/p>\n","protected":false},"excerpt":{"rendered":"<p>Este fu\u00e9 el primer comercial para la televisi\u00f3n que lanz\u00f3 la cadena de comidas r\u00e1pidas McDonalds. A mi no me gustar\u00eda encontrarme con el Ronald de esa publicidad en la mitad de la noche, \u00bfda un poco de miedo verdad? Parece un comercial dirigido por Rob Zombie!<\/p>\n","protected":false},"author":1,"featured_media":0,"comment_status":"open","ping_status":"open","sticky":false,"template":"","format":"standard","meta":{"footnotes":""},"categories":[36,32],"tags":[98,100,99],"class_list":["post-617","post","type-post","status-publish","format-standard","hentry","category-noticias-de-television","category-noticias-generales","tag-mcdonalds","tag-mcdonalds-comercial","tag-mcdonalds-publicidad"],"aioseo_notices":[],"_links":{"self":[{"href":"https:\/\/www.ricosyfamosos.org\/index.php\/wp-json\/wp\/v2\/posts\/617","targetHints":{"allow":["GET"]}}],"collection":[{"href":"https:\/\/www.ricosyfamosos.org\/index.php\/wp-json\/wp\/v2\/posts"}],"about":[{"href":"https:\/\/www.ricosyfamosos.org\/index.php\/wp-json\/wp\/v2\/types\/post"}],"author":[{"embeddable":true,"href":"https:\/\/www.ricosyfamosos.org\/index.php\/wp-json\/wp\/v2\/users\/1"}],"replies":[{"embeddable":true,"href":"https:\/\/www.ricosyfamosos.org\/index.php\/wp-json\/wp\/v2\/comments?post=617"}],"version-history":[{"count":0,"href":"https:\/\/www.ricosyfamosos.org\/index.php\/wp-json\/wp\/v2\/posts\/617\/revisions"}],"wp:attachment":[{"href":"https:\/\/www.ricosyfamosos.org\/index.php\/wp-json\/wp\/v2\/media?parent=617"}],"wp:term":[{"taxonomy":"category","embeddable":true,"href":"https:\/\/www.ricosyfamosos.org\/index.php\/wp-json\/wp\/v2\/categories?post=617"},{"taxonomy":"post_tag","embeddable":true,"href":"https:\/\/www.ricosyfamosos.org\/index.php\/wp-json\/wp\/v2\/tags?post=617"}],"curies":[{"name":"wp","href":"https:\/\/api.w.org\/{rel}","templated":true}]}}