{"id":6338,"date":"2009-12-10T21:47:15","date_gmt":"2009-12-11T03:47:15","guid":{"rendered":"http:\/\/www.ricosyfamosos.org\/?p=6338"},"modified":"2009-12-10T21:47:15","modified_gmt":"2009-12-11T03:47:15","slug":"almodovar-monzon-y-trueba-espanoles-con-aspiracion-al-globo-de-oro","status":"publish","type":"post","link":"https:\/\/www.ricosyfamosos.org\/index.php\/2009\/12\/10\/almodovar-monzon-y-trueba-espanoles-con-aspiracion-al-globo-de-oro\/","title":{"rendered":"Almod\u00f3var, Monz\u00f3n y Trueba, espa\u00f1oles con aspiraci\u00f3n al Globo de Oro"},"content":{"rendered":"<div align=\"center\"><img loading=\"lazy\" decoding=\"async\" src=\"http:\/\/www.ricosyfamosos.org\/wp-content\/uploads\/2009\/12\/almodovar-monzon-trueba-espa\u00f1oles-aspiracion-globo-oro-450x569.jpg\" alt=\"almodovar-monzon-trueba-espa\u00f1oles-aspiracion-globo-oro\" title=\"almodovar-monzon-trueba-espa\u00f1oles-aspiracion-globo-oro\" width=\"450\" height=\"569\" class=\"aligncenter size-medium wp-image-6339\" srcset=\"https:\/\/www.ricosyfamosos.org\/wp-content\/uploads\/2009\/12\/almodovar-monzon-trueba-espa\u00f1oles-aspiracion-globo-oro-450x569.jpg 450w, https:\/\/www.ricosyfamosos.org\/wp-content\/uploads\/2009\/12\/almodovar-monzon-trueba-espa\u00f1oles-aspiracion-globo-oro.jpg 500w\" sizes=\"auto, (max-width: 450px) 100vw, 450px\" \/><\/div>\n<p><\/p>\n<div align=\"justify\">En la categor\u00eda de mejor pel\u00edcula extranjera de estos premios, figuran las pel\u00edculas \u00abLos abrazos rotos\u00bb, \u00abCelda 211\u00bb y \u00abEl Baile de la Victoria\u00bb.<\/div>\n<p>\n<!--more--><\/p>\n<div align=\"justify\">El film \u00abEl Baile de la Victoria\u00bb, de <strong>Fernando Trueba<\/strong>, fue adem\u00e1s la pel\u00edcula que la Academia de cine de Espa\u00f1a seleccion\u00f3 para participar en los Oscar. En tanto, <strong>Almod\u00f3var<\/strong> con \u00abLos abrazos rotos\u00bb anda muy bien en su estreno en EEUU, y se espera una candidatura independiente de este film y la pel\u00edcula de <strong>Monz\u00f3n<\/strong>, \u00abCelda 211\u00bb no puede participar de los Oscar por no estrenarse en EEUU, pero si en estos Globos de Oro.<br \/>\nEntre las principales competidoras para estos tres films espa\u00f1oles est\u00e1n \u00abEl secreto de sus ojos\u00bb de Campanella, \u00abLa nana\u00bb, \u00abCoco before Chanel\u00bb, \u00abRudo y cursi\u00bb \u00abA prophet\u00bb, \u00abMother\u00bb y  \u00abCity of life and death\u00bb<br \/>\nHabr\u00e1 que esperar al 17 de enero, para ver quien festeja con Globo de Oro en mano&#8230;<\/div>\n<p><\/p>\n","protected":false},"excerpt":{"rendered":"<p>En la categor\u00eda de mejor pel\u00edcula extranjera de estos premios, figuran las pel\u00edculas \u00abLos abrazos rotos\u00bb, \u00abCelda 211\u00bb y \u00abEl Baile de la Victoria\u00bb.<\/p>\n","protected":false},"author":3,"featured_media":0,"comment_status":"open","ping_status":"open","sticky":false,"template":"","format":"standard","meta":{"footnotes":""},"categories":[44,36,32],"tags":[1328,151,1327],"class_list":["post-6338","post","type-post","status-publish","format-standard","hentry","category-noticias-de-cine","category-noticias-de-television","category-noticias-generales","tag-fernando-trueba","tag-globos-de-oro","tag-perdro-almodovar"],"aioseo_notices":[],"_links":{"self":[{"href":"https:\/\/www.ricosyfamosos.org\/index.php\/wp-json\/wp\/v2\/posts\/6338","targetHints":{"allow":["GET"]}}],"collection":[{"href":"https:\/\/www.ricosyfamosos.org\/index.php\/wp-json\/wp\/v2\/posts"}],"about":[{"href":"https:\/\/www.ricosyfamosos.org\/index.php\/wp-json\/wp\/v2\/types\/post"}],"author":[{"embeddable":true,"href":"https:\/\/www.ricosyfamosos.org\/index.php\/wp-json\/wp\/v2\/users\/3"}],"replies":[{"embeddable":true,"href":"https:\/\/www.ricosyfamosos.org\/index.php\/wp-json\/wp\/v2\/comments?post=6338"}],"version-history":[{"count":0,"href":"https:\/\/www.ricosyfamosos.org\/index.php\/wp-json\/wp\/v2\/posts\/6338\/revisions"}],"wp:attachment":[{"href":"https:\/\/www.ricosyfamosos.org\/index.php\/wp-json\/wp\/v2\/media?parent=6338"}],"wp:term":[{"taxonomy":"category","embeddable":true,"href":"https:\/\/www.ricosyfamosos.org\/index.php\/wp-json\/wp\/v2\/categories?post=6338"},{"taxonomy":"post_tag","embeddable":true,"href":"https:\/\/www.ricosyfamosos.org\/index.php\/wp-json\/wp\/v2\/tags?post=6338"}],"curies":[{"name":"wp","href":"https:\/\/api.w.org\/{rel}","templated":true}]}}