{"id":9692,"date":"2011-06-23T08:43:01","date_gmt":"2011-06-23T14:43:01","guid":{"rendered":"http:\/\/www.ricosyfamosos.org\/?p=9692"},"modified":"2011-06-23T08:43:01","modified_gmt":"2011-06-23T14:43:01","slug":"vacaciones-en-saint-tropez-para-avril-lavigne","status":"publish","type":"post","link":"https:\/\/www.ricosyfamosos.org\/index.php\/2011\/06\/23\/vacaciones-en-saint-tropez-para-avril-lavigne\/","title":{"rendered":"Vacaciones en Saint Tropez para Avril Lavigne"},"content":{"rendered":"<div align=\"justify\">Despu\u00e9s de presentarse en los MuchMusic Video Awards 2011, que se realizaron en la ciudad de Toronto, en Canad\u00e1. La cantante canadiense de 26 a\u00f1os, <strong>Avril Lavigne<\/strong> ha decidido tomarse un descanso junto a sus amigas.<\/div>\n<p><\/p>\n<div align=\"justify\">El lugar elegido: Sain Tropez, Francia. Playas y sol para esta joven canadiense que adem\u00e1s, decidi\u00f3 rentar un yate de lujo y salir de fiesta con sus amigas al medio del mar.<\/div>\n<p><\/p>\n<div align=\"center\"><img loading=\"lazy\" decoding=\"async\" src=\"http:\/\/www.ricosyfamosos.org\/wp-content\/uploads\/2011\/06\/Vacaciones-en-Saint-Tropez-para-Avril-Lavigne1.jpg\" alt=\"Vacaciones en Saint Tropez para Avril Lavigne1\" title=\"Vacaciones en Saint Tropez para Avril Lavigne1\" width=\"490\" height=\"703\" class=\"aligncenter size-full wp-image-9693\" srcset=\"https:\/\/www.ricosyfamosos.org\/wp-content\/uploads\/2011\/06\/Vacaciones-en-Saint-Tropez-para-Avril-Lavigne1.jpg 490w, https:\/\/www.ricosyfamosos.org\/wp-content\/uploads\/2011\/06\/Vacaciones-en-Saint-Tropez-para-Avril-Lavigne1-450x645.jpg 450w\" sizes=\"auto, (max-width: 490px) 100vw, 490px\" \/><\/div>\n<p><\/p>\n<div align=\"justify\">Feliz, divertida y acompa\u00f1ada de algunas de sus m\u00e1s amigas, <strong>Avril Lavigne<\/strong> disfruta bajo el sol y le muestra al mundo en su bikini rosa que sigue teniendo una figura envidiable.<\/div>\n<p><\/p>\n<p><!--more--><\/p>\n<div align=\"justify\">En poco d\u00edas, <strong>Avril Lavigne<\/strong>, debe continuar con sus obligaciones laborales que es su gira \u00abThe Black Star Tour\u00bb, la cual la llevar\u00e1 por primera vez en su carrera a muchos pa\u00edses de latinoamerica, adem\u00e1s del resto del mundo.<\/div>\n<p><\/p>\n<div align=\"center\"><img loading=\"lazy\" decoding=\"async\" src=\"http:\/\/www.ricosyfamosos.org\/wp-content\/uploads\/2011\/06\/Vacaciones-en-Saint-Tropez-para-Avril-Lavigne2.jpg\" alt=\"Vacaciones en Saint Tropez para Avril Lavigne2\" title=\"Vacaciones en Saint Tropez para Avril Lavigne2\" width=\"490\" height=\"733\" class=\"aligncenter size-full wp-image-9694\" srcset=\"https:\/\/www.ricosyfamosos.org\/wp-content\/uploads\/2011\/06\/Vacaciones-en-Saint-Tropez-para-Avril-Lavigne2.jpg 490w, https:\/\/www.ricosyfamosos.org\/wp-content\/uploads\/2011\/06\/Vacaciones-en-Saint-Tropez-para-Avril-Lavigne2-450x673.jpg 450w\" sizes=\"auto, (max-width: 490px) 100vw, 490px\" \/><\/p>\n<p><img loading=\"lazy\" decoding=\"async\" src=\"http:\/\/www.ricosyfamosos.org\/wp-content\/uploads\/2011\/06\/Vacaciones-en-Saint-Tropez-para-Avril-Lavigne3.jpg\" alt=\"Vacaciones en Saint Tropez para Avril Lavigne3\" title=\"Vacaciones en Saint Tropez para Avril Lavigne3\" width=\"490\" height=\"726\" class=\"aligncenter size-full wp-image-9695\" srcset=\"https:\/\/www.ricosyfamosos.org\/wp-content\/uploads\/2011\/06\/Vacaciones-en-Saint-Tropez-para-Avril-Lavigne3.jpg 490w, https:\/\/www.ricosyfamosos.org\/wp-content\/uploads\/2011\/06\/Vacaciones-en-Saint-Tropez-para-Avril-Lavigne3-450x666.jpg 450w\" sizes=\"auto, (max-width: 490px) 100vw, 490px\" \/><\/p>\n<p><img loading=\"lazy\" decoding=\"async\" src=\"http:\/\/www.ricosyfamosos.org\/wp-content\/uploads\/2011\/06\/Vacaciones-en-Saint-Tropez-para-Avril-Lavigne4.jpg\" alt=\"Vacaciones en Saint Tropez para Avril Lavigne4\" title=\"Vacaciones en Saint Tropez para Avril Lavigne4\" width=\"490\" height=\"327\" class=\"aligncenter size-full wp-image-9696\" srcset=\"https:\/\/www.ricosyfamosos.org\/wp-content\/uploads\/2011\/06\/Vacaciones-en-Saint-Tropez-para-Avril-Lavigne4.jpg 490w, https:\/\/www.ricosyfamosos.org\/wp-content\/uploads\/2011\/06\/Vacaciones-en-Saint-Tropez-para-Avril-Lavigne4-450x300.jpg 450w\" sizes=\"auto, (max-width: 490px) 100vw, 490px\" \/><\/p>\n<p><img loading=\"lazy\" decoding=\"async\" src=\"http:\/\/www.ricosyfamosos.org\/wp-content\/uploads\/2011\/06\/Vacaciones-en-Saint-Tropez-para-Avril-Lavigne5.jpg\" alt=\"Vacaciones en Saint Tropez para Avril Lavigne5\" title=\"Vacaciones en Saint Tropez para Avril Lavigne5\" width=\"490\" height=\"334\" class=\"aligncenter size-full wp-image-9697\" srcset=\"https:\/\/www.ricosyfamosos.org\/wp-content\/uploads\/2011\/06\/Vacaciones-en-Saint-Tropez-para-Avril-Lavigne5.jpg 490w, https:\/\/www.ricosyfamosos.org\/wp-content\/uploads\/2011\/06\/Vacaciones-en-Saint-Tropez-para-Avril-Lavigne5-450x306.jpg 450w\" sizes=\"auto, (max-width: 490px) 100vw, 490px\" \/><\/p>\n<p><img loading=\"lazy\" decoding=\"async\" src=\"http:\/\/www.ricosyfamosos.org\/wp-content\/uploads\/2011\/06\/Vacaciones-en-Saint-Tropez-para-Avril-Lavigne6.jpg\" alt=\"Vacaciones en Saint Tropez para Avril Lavigne6\" title=\"Vacaciones en Saint Tropez para Avril Lavigne6\" width=\"490\" height=\"335\" class=\"aligncenter size-full wp-image-9698\" srcset=\"https:\/\/www.ricosyfamosos.org\/wp-content\/uploads\/2011\/06\/Vacaciones-en-Saint-Tropez-para-Avril-Lavigne6.jpg 490w, https:\/\/www.ricosyfamosos.org\/wp-content\/uploads\/2011\/06\/Vacaciones-en-Saint-Tropez-para-Avril-Lavigne6-450x307.jpg 450w\" sizes=\"auto, (max-width: 490px) 100vw, 490px\" \/><\/p>\n<p><img loading=\"lazy\" decoding=\"async\" src=\"http:\/\/www.ricosyfamosos.org\/wp-content\/uploads\/2011\/06\/Vacaciones-en-Saint-Tropez-para-Avril-Lavigne7.jpg\" alt=\"Vacaciones en Saint Tropez para Avril Lavigne7\" title=\"Vacaciones en Saint Tropez para Avril Lavigne7\" width=\"490\" height=\"325\" class=\"aligncenter size-full wp-image-9699\" srcset=\"https:\/\/www.ricosyfamosos.org\/wp-content\/uploads\/2011\/06\/Vacaciones-en-Saint-Tropez-para-Avril-Lavigne7.jpg 490w, https:\/\/www.ricosyfamosos.org\/wp-content\/uploads\/2011\/06\/Vacaciones-en-Saint-Tropez-para-Avril-Lavigne7-450x298.jpg 450w\" sizes=\"auto, (max-width: 490px) 100vw, 490px\" \/><\/div>\n<p><\/p>\n<p>Fuente: <a href=\"http:\/\/justjared.buzznet.com\/2011\/06\/22\/avril-lavigne-bikini-boat-babe\/\" target=\"_blank\">justjared<\/a><\/p>\n","protected":false},"excerpt":{"rendered":"<p>Despu\u00e9s de presentarse en los MuchMusic Video Awards 2011, que se realizaron en la ciudad de Toronto, en Canad\u00e1. La cantante canadiense de 26 a\u00f1os, Avril Lavigne ha decidido tomarse un descanso junto a sus amigas. El lugar elegido: Sain Tropez, Francia. Playas y sol para esta joven canadiense que adem\u00e1s, decidi\u00f3 rentar un yate [&hellip;]<\/p>\n","protected":false},"author":1,"featured_media":0,"comment_status":"open","ping_status":"open","sticky":false,"template":"","format":"standard","meta":{"footnotes":""},"categories":[50,33,40,32],"tags":[574],"class_list":["post-9692","post","type-post","status-publish","format-standard","hentry","category-fotos-de-famosas","category-noticias-de-cantantes","category-noticias-de-musica","category-noticias-generales","tag-avril-lavigne"],"aioseo_notices":[],"_links":{"self":[{"href":"https:\/\/www.ricosyfamosos.org\/index.php\/wp-json\/wp\/v2\/posts\/9692","targetHints":{"allow":["GET"]}}],"collection":[{"href":"https:\/\/www.ricosyfamosos.org\/index.php\/wp-json\/wp\/v2\/posts"}],"about":[{"href":"https:\/\/www.ricosyfamosos.org\/index.php\/wp-json\/wp\/v2\/types\/post"}],"author":[{"embeddable":true,"href":"https:\/\/www.ricosyfamosos.org\/index.php\/wp-json\/wp\/v2\/users\/1"}],"replies":[{"embeddable":true,"href":"https:\/\/www.ricosyfamosos.org\/index.php\/wp-json\/wp\/v2\/comments?post=9692"}],"version-history":[{"count":0,"href":"https:\/\/www.ricosyfamosos.org\/index.php\/wp-json\/wp\/v2\/posts\/9692\/revisions"}],"wp:attachment":[{"href":"https:\/\/www.ricosyfamosos.org\/index.php\/wp-json\/wp\/v2\/media?parent=9692"}],"wp:term":[{"taxonomy":"category","embeddable":true,"href":"https:\/\/www.ricosyfamosos.org\/index.php\/wp-json\/wp\/v2\/categories?post=9692"},{"taxonomy":"post_tag","embeddable":true,"href":"https:\/\/www.ricosyfamosos.org\/index.php\/wp-json\/wp\/v2\/tags?post=9692"}],"curies":[{"name":"wp","href":"https:\/\/api.w.org\/{rel}","templated":true}]}}