{"id":9857,"date":"2011-07-03T17:43:17","date_gmt":"2011-07-03T23:43:17","guid":{"rendered":"http:\/\/www.ricosyfamosos.org\/?p=9857"},"modified":"2011-07-03T17:43:44","modified_gmt":"2011-07-03T23:43:44","slug":"el-principe-alberto-ii-y-la-princesa-charlene-de-monaco-parte-i","status":"publish","type":"post","link":"https:\/\/www.ricosyfamosos.org\/index.php\/2011\/07\/03\/el-principe-alberto-ii-y-la-princesa-charlene-de-monaco-parte-i\/","title":{"rendered":"El pr\u00edncipe Alberto II y la princesa Charlene de M\u00f3naco &#8211; Parte I"},"content":{"rendered":"<div align=\"justify\">El <strong>pr\u00edncipe Alberto II y la princesa Charlene de M\u00f3naco<\/strong> se convirtieron en marido y mujer ayer s\u00e1bado ante el altar, luego de casarse por lo civil el viernes.<\/div>\n<p><\/p>\n<div align=\"justify\">El pr\u00edcipe Alberto II, de 53 a\u00f1os, visti\u00f3 el uniforme blanco de verano de la compa\u00f1\u00eda de carabineros y Charlene, de 33 a\u00f1os, port\u00f3 un espectacular vestido color blanco marfil bordado con cristales, n\u00e1car e hilos de oro, dise\u00f1ado por el modista italiano <strong>Giorgio Armani<\/strong>.<\/div>\n<p><\/p>\n<div align=\"center\"><img loading=\"lazy\" decoding=\"async\" src=\"http:\/\/www.ricosyfamosos.org\/wp-content\/uploads\/2011\/07\/la-princesa-Charlene-de-M\u00f3naco-17.jpg\" alt=\"la princesa Charlene de M\u00f3naco-17\" title=\"la princesa Charlene de M\u00f3naco-17\" width=\"490\" height=\"720\" class=\"aligncenter size-full wp-image-9874\" srcset=\"https:\/\/www.ricosyfamosos.org\/wp-content\/uploads\/2011\/07\/la-princesa-Charlene-de-M\u00f3naco-17.jpg 490w, https:\/\/www.ricosyfamosos.org\/wp-content\/uploads\/2011\/07\/la-princesa-Charlene-de-M\u00f3naco-17-450x661.jpg 450w\" sizes=\"auto, (max-width: 490px) 100vw, 490px\" \/><\/div>\n<p><\/p>\n<div align=\"justify\">Ella estaba magn\u00edfica, y se la pudo ver muy emocionada. Despu\u00e9s de los rumoresque han circulado en los \u00faltimos d\u00edas sobre una posible crisis que por poco pone fin al casamiento, todo parece haber quedado atr\u00e1s, por el momento claro est\u00e1.<\/div>\n<p>\n<!--more--><\/p>\n<div align=\"justify\">La princesa, que se convirti\u00f3 el viernes en Alteza Seren\u00edsima, luc\u00eda una delicada diadema y un largo velo de tul que requiri\u00f3 m\u00e1s de 20 metros para su elaboraci\u00f3n.<\/div>\n<p><\/p>\n<div align=\"justify\">El impresionante vestido fue realizado en sat\u00e9n blanco, ajustado al cuerpo y con escote bote y una larga cola. Ten\u00eda bordados 40.000 cristales Swarovski, 20.000 perlas en forma de l\u00e1grimas y 30.000 piedras en tonos oros. <\/div>\n<p><\/p>\n<div align=\"justify\">El ramo tambi\u00e9n estuvo dise\u00f1ado por Armani y fue realizado por el Garden Club de M\u00f3naco con orqu\u00eddeas y con proteas rosas, la flor nacional de su pa\u00eds.<\/div>\n<p><\/p>\n<div align=\"justify\">Luego de la ceremonia, la pareja se mont\u00f3 en un coche h\u00edbrido, m\u00e1s especificamente, un Lexus LS 600h Landaulet descapotable, que el Principado se\u00f1ala como testimonio del inter\u00e9s de Alberto y Charlene por la defensa del medio ambiente. Esta vez no estuvo la tradicional carroza como en la mayor\u00eda de las bodas reales.<\/div>\n<p><\/p>\n<div align=\"justify\">Posteriormente, siguiendo la tradici\u00f3n, la novia deposit\u00f3 su ramo en la peque\u00f1a iglesia de Santa Devota, patrona del Principado.<\/div>\n<p><\/p>\n<div align=\"justify\">Qu\u00e9 les ha parecido el vestido??<\/div>\n<p><\/p>\n<div align=\"center\"><img loading=\"lazy\" decoding=\"async\" src=\"http:\/\/www.ricosyfamosos.org\/wp-content\/uploads\/2011\/07\/la-princesa-Charlene-de-M\u00f3naco-01.jpg\" alt=\"la princesa Charlene de M\u00f3naco-01\" title=\"la princesa Charlene de M\u00f3naco-01\" width=\"490\" height=\"380\" class=\"aligncenter size-full wp-image-9858\" srcset=\"https:\/\/www.ricosyfamosos.org\/wp-content\/uploads\/2011\/07\/la-princesa-Charlene-de-M\u00f3naco-01.jpg 490w, https:\/\/www.ricosyfamosos.org\/wp-content\/uploads\/2011\/07\/la-princesa-Charlene-de-M\u00f3naco-01-450x348.jpg 450w\" sizes=\"auto, (max-width: 490px) 100vw, 490px\" \/><\/p>\n<p><img loading=\"lazy\" decoding=\"async\" src=\"http:\/\/www.ricosyfamosos.org\/wp-content\/uploads\/2011\/07\/la-princesa-Charlene-de-M\u00f3naco-02.jpg\" alt=\"la princesa Charlene de M\u00f3naco-02\" title=\"la princesa Charlene de M\u00f3naco-02\" width=\"490\" height=\"273\" class=\"aligncenter size-full wp-image-9859\" srcset=\"https:\/\/www.ricosyfamosos.org\/wp-content\/uploads\/2011\/07\/la-princesa-Charlene-de-M\u00f3naco-02.jpg 490w, https:\/\/www.ricosyfamosos.org\/wp-content\/uploads\/2011\/07\/la-princesa-Charlene-de-M\u00f3naco-02-450x250.jpg 450w\" sizes=\"auto, (max-width: 490px) 100vw, 490px\" \/><\/p>\n<p><img loading=\"lazy\" decoding=\"async\" src=\"http:\/\/www.ricosyfamosos.org\/wp-content\/uploads\/2011\/07\/la-princesa-Charlene-de-M\u00f3naco-03.jpg\" alt=\"la princesa Charlene de M\u00f3naco-03\" title=\"la princesa Charlene de M\u00f3naco-03\" width=\"490\" height=\"716\" class=\"aligncenter size-full wp-image-9860\" srcset=\"https:\/\/www.ricosyfamosos.org\/wp-content\/uploads\/2011\/07\/la-princesa-Charlene-de-M\u00f3naco-03.jpg 490w, https:\/\/www.ricosyfamosos.org\/wp-content\/uploads\/2011\/07\/la-princesa-Charlene-de-M\u00f3naco-03-450x657.jpg 450w\" sizes=\"auto, (max-width: 490px) 100vw, 490px\" \/><\/p>\n<p><img loading=\"lazy\" decoding=\"async\" src=\"http:\/\/www.ricosyfamosos.org\/wp-content\/uploads\/2011\/07\/la-princesa-Charlene-de-M\u00f3naco-04.jpg\" alt=\"la princesa Charlene de M\u00f3naco-04\" title=\"la princesa Charlene de M\u00f3naco-04\" width=\"490\" height=\"715\" class=\"aligncenter size-full wp-image-9861\" srcset=\"https:\/\/www.ricosyfamosos.org\/wp-content\/uploads\/2011\/07\/la-princesa-Charlene-de-M\u00f3naco-04.jpg 490w, https:\/\/www.ricosyfamosos.org\/wp-content\/uploads\/2011\/07\/la-princesa-Charlene-de-M\u00f3naco-04-450x656.jpg 450w\" sizes=\"auto, (max-width: 490px) 100vw, 490px\" \/><\/p>\n<p><img loading=\"lazy\" decoding=\"async\" src=\"http:\/\/www.ricosyfamosos.org\/wp-content\/uploads\/2011\/07\/la-princesa-Charlene-de-M\u00f3naco-05.jpg\" alt=\"la princesa Charlene de M\u00f3naco-05\" title=\"la princesa Charlene de M\u00f3naco-05\" width=\"490\" height=\"747\" class=\"aligncenter size-full wp-image-9862\" srcset=\"https:\/\/www.ricosyfamosos.org\/wp-content\/uploads\/2011\/07\/la-princesa-Charlene-de-M\u00f3naco-05.jpg 490w, https:\/\/www.ricosyfamosos.org\/wp-content\/uploads\/2011\/07\/la-princesa-Charlene-de-M\u00f3naco-05-450x686.jpg 450w\" sizes=\"auto, (max-width: 490px) 100vw, 490px\" \/><\/p>\n<p><img loading=\"lazy\" decoding=\"async\" src=\"http:\/\/www.ricosyfamosos.org\/wp-content\/uploads\/2011\/07\/la-princesa-Charlene-de-M\u00f3naco-06.jpg\" alt=\"la princesa Charlene de M\u00f3naco-06\" title=\"la princesa Charlene de M\u00f3naco-06\" width=\"490\" height=\"677\" class=\"aligncenter size-full wp-image-9863\" srcset=\"https:\/\/www.ricosyfamosos.org\/wp-content\/uploads\/2011\/07\/la-princesa-Charlene-de-M\u00f3naco-06.jpg 490w, https:\/\/www.ricosyfamosos.org\/wp-content\/uploads\/2011\/07\/la-princesa-Charlene-de-M\u00f3naco-06-450x621.jpg 450w\" sizes=\"auto, (max-width: 490px) 100vw, 490px\" \/><\/p>\n<p><img loading=\"lazy\" decoding=\"async\" src=\"http:\/\/www.ricosyfamosos.org\/wp-content\/uploads\/2011\/07\/la-princesa-Charlene-de-M\u00f3naco-07.jpg\" alt=\"la princesa Charlene de M\u00f3naco-07\" title=\"la princesa Charlene de M\u00f3naco-07\" width=\"490\" height=\"322\" class=\"aligncenter size-full wp-image-9864\" srcset=\"https:\/\/www.ricosyfamosos.org\/wp-content\/uploads\/2011\/07\/la-princesa-Charlene-de-M\u00f3naco-07.jpg 490w, https:\/\/www.ricosyfamosos.org\/wp-content\/uploads\/2011\/07\/la-princesa-Charlene-de-M\u00f3naco-07-450x295.jpg 450w\" sizes=\"auto, (max-width: 490px) 100vw, 490px\" \/><\/p>\n<p><img loading=\"lazy\" decoding=\"async\" src=\"http:\/\/www.ricosyfamosos.org\/wp-content\/uploads\/2011\/07\/la-princesa-Charlene-de-M\u00f3naco-08.jpg\" alt=\"la princesa Charlene de M\u00f3naco-08\" title=\"la princesa Charlene de M\u00f3naco-08\" width=\"490\" height=\"328\" class=\"aligncenter size-full wp-image-9865\" srcset=\"https:\/\/www.ricosyfamosos.org\/wp-content\/uploads\/2011\/07\/la-princesa-Charlene-de-M\u00f3naco-08.jpg 490w, https:\/\/www.ricosyfamosos.org\/wp-content\/uploads\/2011\/07\/la-princesa-Charlene-de-M\u00f3naco-08-450x301.jpg 450w\" sizes=\"auto, (max-width: 490px) 100vw, 490px\" \/><\/p>\n<p><img loading=\"lazy\" decoding=\"async\" src=\"http:\/\/www.ricosyfamosos.org\/wp-content\/uploads\/2011\/07\/la-princesa-Charlene-de-M\u00f3naco-09.jpg\" alt=\"la princesa Charlene de M\u00f3naco-09\" title=\"la princesa Charlene de M\u00f3naco-09\" width=\"490\" height=\"754\" class=\"aligncenter size-full wp-image-9866\" srcset=\"https:\/\/www.ricosyfamosos.org\/wp-content\/uploads\/2011\/07\/la-princesa-Charlene-de-M\u00f3naco-09.jpg 490w, https:\/\/www.ricosyfamosos.org\/wp-content\/uploads\/2011\/07\/la-princesa-Charlene-de-M\u00f3naco-09-450x692.jpg 450w\" sizes=\"auto, (max-width: 490px) 100vw, 490px\" \/><\/p>\n<p><img loading=\"lazy\" decoding=\"async\" src=\"http:\/\/www.ricosyfamosos.org\/wp-content\/uploads\/2011\/07\/la-princesa-Charlene-de-M\u00f3naco-10.jpg\" alt=\"la princesa Charlene de M\u00f3naco-10\" title=\"la princesa Charlene de M\u00f3naco-10\" width=\"490\" height=\"328\" class=\"aligncenter size-full wp-image-9867\" srcset=\"https:\/\/www.ricosyfamosos.org\/wp-content\/uploads\/2011\/07\/la-princesa-Charlene-de-M\u00f3naco-10.jpg 490w, https:\/\/www.ricosyfamosos.org\/wp-content\/uploads\/2011\/07\/la-princesa-Charlene-de-M\u00f3naco-10-450x301.jpg 450w\" sizes=\"auto, (max-width: 490px) 100vw, 490px\" \/><\/p>\n<p><img loading=\"lazy\" decoding=\"async\" src=\"http:\/\/www.ricosyfamosos.org\/wp-content\/uploads\/2011\/07\/la-princesa-Charlene-de-M\u00f3naco-11.jpg\" alt=\"la princesa Charlene de M\u00f3naco-11\" title=\"la princesa Charlene de M\u00f3naco-11\" width=\"490\" height=\"695\" class=\"aligncenter size-full wp-image-9868\" srcset=\"https:\/\/www.ricosyfamosos.org\/wp-content\/uploads\/2011\/07\/la-princesa-Charlene-de-M\u00f3naco-11.jpg 490w, https:\/\/www.ricosyfamosos.org\/wp-content\/uploads\/2011\/07\/la-princesa-Charlene-de-M\u00f3naco-11-450x638.jpg 450w\" sizes=\"auto, (max-width: 490px) 100vw, 490px\" \/><\/p>\n<p><img loading=\"lazy\" decoding=\"async\" src=\"http:\/\/www.ricosyfamosos.org\/wp-content\/uploads\/2011\/07\/la-princesa-Charlene-de-M\u00f3naco-12.jpg\" alt=\"la princesa Charlene de M\u00f3naco-12\" title=\"la princesa Charlene de M\u00f3naco-12\" width=\"490\" height=\"735\" class=\"aligncenter size-full wp-image-9869\" srcset=\"https:\/\/www.ricosyfamosos.org\/wp-content\/uploads\/2011\/07\/la-princesa-Charlene-de-M\u00f3naco-12.jpg 490w, https:\/\/www.ricosyfamosos.org\/wp-content\/uploads\/2011\/07\/la-princesa-Charlene-de-M\u00f3naco-12-450x675.jpg 450w\" sizes=\"auto, (max-width: 490px) 100vw, 490px\" \/><\/p>\n<p><img loading=\"lazy\" decoding=\"async\" src=\"http:\/\/www.ricosyfamosos.org\/wp-content\/uploads\/2011\/07\/la-princesa-Charlene-de-M\u00f3naco-13.jpg\" alt=\"la princesa Charlene de M\u00f3naco-13\" title=\"la princesa Charlene de M\u00f3naco-13\" width=\"490\" height=\"253\" class=\"aligncenter size-full wp-image-9870\" srcset=\"https:\/\/www.ricosyfamosos.org\/wp-content\/uploads\/2011\/07\/la-princesa-Charlene-de-M\u00f3naco-13.jpg 490w, https:\/\/www.ricosyfamosos.org\/wp-content\/uploads\/2011\/07\/la-princesa-Charlene-de-M\u00f3naco-13-450x232.jpg 450w\" sizes=\"auto, (max-width: 490px) 100vw, 490px\" \/><\/p>\n<p><img loading=\"lazy\" decoding=\"async\" src=\"http:\/\/www.ricosyfamosos.org\/wp-content\/uploads\/2011\/07\/la-princesa-Charlene-de-M\u00f3naco-14.jpg\" alt=\"la princesa Charlene de M\u00f3naco-14\" title=\"la princesa Charlene de M\u00f3naco-14\" width=\"490\" height=\"644\" class=\"aligncenter size-full wp-image-9871\" srcset=\"https:\/\/www.ricosyfamosos.org\/wp-content\/uploads\/2011\/07\/la-princesa-Charlene-de-M\u00f3naco-14.jpg 490w, https:\/\/www.ricosyfamosos.org\/wp-content\/uploads\/2011\/07\/la-princesa-Charlene-de-M\u00f3naco-14-450x591.jpg 450w\" sizes=\"auto, (max-width: 490px) 100vw, 490px\" \/><\/p>\n<p><img loading=\"lazy\" decoding=\"async\" src=\"http:\/\/www.ricosyfamosos.org\/wp-content\/uploads\/2011\/07\/la-princesa-Charlene-de-M\u00f3naco-15.jpg\" alt=\"la princesa Charlene de M\u00f3naco-15\" title=\"la princesa Charlene de M\u00f3naco-15\" width=\"490\" height=\"692\" class=\"aligncenter size-full wp-image-9872\" srcset=\"https:\/\/www.ricosyfamosos.org\/wp-content\/uploads\/2011\/07\/la-princesa-Charlene-de-M\u00f3naco-15.jpg 490w, https:\/\/www.ricosyfamosos.org\/wp-content\/uploads\/2011\/07\/la-princesa-Charlene-de-M\u00f3naco-15-450x635.jpg 450w\" sizes=\"auto, (max-width: 490px) 100vw, 490px\" \/><\/p>\n<p><img loading=\"lazy\" decoding=\"async\" src=\"http:\/\/www.ricosyfamosos.org\/wp-content\/uploads\/2011\/07\/la-princesa-Charlene-de-M\u00f3naco-16.jpg\" alt=\"la princesa Charlene de M\u00f3naco-16\" title=\"la princesa Charlene de M\u00f3naco-16\" width=\"490\" height=\"661\" class=\"aligncenter size-full wp-image-9873\" srcset=\"https:\/\/www.ricosyfamosos.org\/wp-content\/uploads\/2011\/07\/la-princesa-Charlene-de-M\u00f3naco-16.jpg 490w, https:\/\/www.ricosyfamosos.org\/wp-content\/uploads\/2011\/07\/la-princesa-Charlene-de-M\u00f3naco-16-450x607.jpg 450w\" sizes=\"auto, (max-width: 490px) 100vw, 490px\" \/><\/div>\n<p><\/p>\n<p>Fotos: <a href=\"http:\/\/justjared.buzznet.com\/2011\/07\/02\/prince-albert-princess-charlene-monaco-royal-wedding\/\" target=\"_blank\">justjared<\/a><\/p>\n","protected":false},"excerpt":{"rendered":"<p>El pr\u00edncipe Alberto II y la princesa Charlene de M\u00f3naco se convirtieron en marido y mujer ayer s\u00e1bado ante el altar, luego de casarse por lo civil el viernes. El pr\u00edcipe Alberto II, de 53 a\u00f1os, visti\u00f3 el uniforme blanco de verano de la compa\u00f1\u00eda de carabineros y Charlene, de 33 a\u00f1os, port\u00f3 un espectacular [&hellip;]<\/p>\n","protected":false},"author":1,"featured_media":0,"comment_status":"open","ping_status":"open","sticky":false,"template":"","format":"standard","meta":{"footnotes":""},"categories":[1319,32,1],"tags":[1637,1639,1638,1636],"class_list":["post-9857","post","type-post","status-publish","format-standard","hentry","category-noticias-de-la-realeza","category-noticias-generales","category-sin-categoria","tag-alberto-de-monaco","tag-charlene-wittstock","tag-princesa-charlene-de-monaco","tag-principe-alberto-ii"],"aioseo_notices":[],"aioseo_head":"\n\t\t<!-- All in One SEO 5.0.1.1 - aioseo.com -->\n\t<meta name=\"robots\" content=\"max-image-preview:large\" \/>\n\t<meta name=\"author\" content=\"Famosos\"\/>\n\t<link rel=\"canonical\" href=\"https:\/\/www.ricosyfamosos.org\/index.php\/2011\/07\/03\/el-principe-alberto-ii-y-la-princesa-charlene-de-monaco-parte-i\/\" \/>\n\t<meta name=\"generator\" content=\"All in One SEO (AIOSEO) 5.0.1.1\" \/>\n\t\t<meta property=\"og:locale\" content=\"es_ES\" \/>\n\t\t<meta property=\"og:site_name\" content=\"Noticias de famosos | Noticias de famosos, celebridades, famosas, rumores, noticias de musica, noticias del cine, movie trailers, trailers de peliculas, videos de famosos, noticias paparazzi, noticias de cantantes, noticias de cine, noticias de tv, fotos de famosos, noticias de cantantes, Celebrity Ooopss!, escandalos de Hollywood, noticias de television, fotos de famosas y m\u00e1s!\" \/>\n\t\t<meta property=\"og:type\" content=\"article\" \/>\n\t\t<meta property=\"og:title\" content=\"El pr\u00edncipe Alberto II y la princesa Charlene de M\u00f3naco \u2013 Parte I | Ricosyfamosos.org\" \/>\n\t\t<meta property=\"og:url\" content=\"https:\/\/www.ricosyfamosos.org\/index.php\/2011\/07\/03\/el-principe-alberto-ii-y-la-princesa-charlene-de-monaco-parte-i\/\" \/>\n\t\t<meta property=\"article:published_time\" content=\"2011-07-03T23:43:17+00:00\" \/>\n\t\t<meta property=\"article:modified_time\" content=\"2011-07-03T23:43:44+00:00\" \/>\n\t\t<meta name=\"twitter:card\" content=\"summary\" \/>\n\t\t<meta name=\"twitter:title\" content=\"El pr\u00edncipe Alberto II y la princesa Charlene de M\u00f3naco \u2013 Parte I | Ricosyfamosos.org\" \/>\n\t\t<script type=\"application\/ld+json\" class=\"aioseo-schema\">\n\t\t\t{\"@context\":\"https:\\\/\\\/schema.org\",\"@graph\":[{\"@type\":\"Article\",\"@id\":\"https:\\\/\\\/www.ricosyfamosos.org\\\/index.php\\\/2011\\\/07\\\/03\\\/el-principe-alberto-ii-y-la-princesa-charlene-de-monaco-parte-i\\\/#article\",\"name\":\"El pr\\u00edncipe Alberto II y la princesa Charlene de M\\u00f3naco \\u2013 Parte I | Ricosyfamosos.org\",\"headline\":\"El pr\\u00edncipe Alberto II y la princesa Charlene de M\\u00f3naco &#8211; Parte I\",\"author\":{\"@id\":\"https:\\\/\\\/www.ricosyfamosos.org\\\/index.php\\\/author\\\/admin\\\/#author\"},\"publisher\":{\"@id\":\"https:\\\/\\\/www.ricosyfamosos.org\\\/#organization\"},\"image\":{\"@type\":\"ImageObject\",\"url\":\"https:\\\/\\\/www.ricosyfamosos.org\\\/wp-content\\\/uploads\\\/2011\\\/07\\\/la-princesa-Charlene-de-M\\u00f3naco-17.jpg\",\"@id\":\"https:\\\/\\\/www.ricosyfamosos.org\\\/index.php\\\/2011\\\/07\\\/03\\\/el-principe-alberto-ii-y-la-princesa-charlene-de-monaco-parte-i\\\/#articleImage\",\"width\":490,\"height\":720},\"datePublished\":\"2011-07-03T17:43:17-06:00\",\"dateModified\":\"2011-07-03T17:43:44-06:00\",\"inLanguage\":\"es-ES\",\"commentCount\":1,\"mainEntityOfPage\":{\"@id\":\"https:\\\/\\\/www.ricosyfamosos.org\\\/index.php\\\/2011\\\/07\\\/03\\\/el-principe-alberto-ii-y-la-princesa-charlene-de-monaco-parte-i\\\/#webpage\"},\"isPartOf\":{\"@id\":\"https:\\\/\\\/www.ricosyfamosos.org\\\/index.php\\\/2011\\\/07\\\/03\\\/el-principe-alberto-ii-y-la-princesa-charlene-de-monaco-parte-i\\\/#webpage\"},\"articleSection\":\"Noticias de la realeza, Noticias generales, Sin categoria, Alberto de Monaco, Charlene Wittstock, Princesa Charlene de Monaco, Principe Alberto II\"},{\"@type\":\"BreadcrumbList\",\"@id\":\"https:\\\/\\\/www.ricosyfamosos.org\\\/index.php\\\/2011\\\/07\\\/03\\\/el-principe-alberto-ii-y-la-princesa-charlene-de-monaco-parte-i\\\/#breadcrumblist\",\"itemListElement\":[{\"@type\":\"ListItem\",\"@id\":\"https:\\\/\\\/www.ricosyfamosos.org#listItem\",\"position\":1,\"name\":\"Home\",\"item\":\"https:\\\/\\\/www.ricosyfamosos.org\",\"nextItem\":{\"@type\":\"ListItem\",\"@id\":\"https:\\\/\\\/www.ricosyfamosos.org\\\/index.php\\\/category\\\/sin-categoria\\\/#listItem\",\"name\":\"Sin categoria\"}},{\"@type\":\"ListItem\",\"@id\":\"https:\\\/\\\/www.ricosyfamosos.org\\\/index.php\\\/category\\\/sin-categoria\\\/#listItem\",\"position\":2,\"name\":\"Sin categoria\",\"item\":\"https:\\\/\\\/www.ricosyfamosos.org\\\/index.php\\\/category\\\/sin-categoria\\\/\",\"nextItem\":{\"@type\":\"ListItem\",\"@id\":\"https:\\\/\\\/www.ricosyfamosos.org\\\/index.php\\\/2011\\\/07\\\/03\\\/el-principe-alberto-ii-y-la-princesa-charlene-de-monaco-parte-i\\\/#listItem\",\"name\":\"El pr\\u00edncipe Alberto II y la princesa Charlene de M\\u00f3naco &#8211; Parte I\"},\"previousItem\":{\"@type\":\"ListItem\",\"@id\":\"https:\\\/\\\/www.ricosyfamosos.org#listItem\",\"name\":\"Home\"}},{\"@type\":\"ListItem\",\"@id\":\"https:\\\/\\\/www.ricosyfamosos.org\\\/index.php\\\/2011\\\/07\\\/03\\\/el-principe-alberto-ii-y-la-princesa-charlene-de-monaco-parte-i\\\/#listItem\",\"position\":3,\"name\":\"El pr\\u00edncipe Alberto II y la princesa Charlene de M\\u00f3naco &#8211; Parte I\",\"previousItem\":{\"@type\":\"ListItem\",\"@id\":\"https:\\\/\\\/www.ricosyfamosos.org\\\/index.php\\\/category\\\/sin-categoria\\\/#listItem\",\"name\":\"Sin categoria\"}}]},{\"@type\":\"Organization\",\"@id\":\"https:\\\/\\\/www.ricosyfamosos.org\\\/#organization\",\"name\":\"Noticias de famosos\",\"description\":\"Noticias de famosos, celebridades, famosas, rumores, noticias de musica, noticias del cine, movie trailers, trailers de peliculas, videos de famosos, noticias paparazzi, noticias de cantantes, noticias de cine, noticias de tv, fotos de famosos, noticias de cantantes, Celebrity Ooopss!, escandalos de Hollywood, noticias de television, fotos de famosas y m\\u00e1s!\",\"url\":\"https:\\\/\\\/www.ricosyfamosos.org\\\/\"},{\"@type\":\"Person\",\"@id\":\"https:\\\/\\\/www.ricosyfamosos.org\\\/index.php\\\/author\\\/admin\\\/#author\",\"url\":\"https:\\\/\\\/www.ricosyfamosos.org\\\/index.php\\\/author\\\/admin\\\/\",\"name\":\"Famosos\",\"image\":{\"@type\":\"ImageObject\",\"@id\":\"https:\\\/\\\/www.ricosyfamosos.org\\\/index.php\\\/2011\\\/07\\\/03\\\/el-principe-alberto-ii-y-la-princesa-charlene-de-monaco-parte-i\\\/#authorImage\",\"url\":\"https:\\\/\\\/secure.gravatar.com\\\/avatar\\\/b87429700c9df7458382f4e6e1517f9472b9308586140716d42c32c543afd9d2?s=96&d=mm&r=g\",\"width\":96,\"height\":96,\"caption\":\"Famosos\"}},{\"@type\":\"WebPage\",\"@id\":\"https:\\\/\\\/www.ricosyfamosos.org\\\/index.php\\\/2011\\\/07\\\/03\\\/el-principe-alberto-ii-y-la-princesa-charlene-de-monaco-parte-i\\\/#webpage\",\"url\":\"https:\\\/\\\/www.ricosyfamosos.org\\\/index.php\\\/2011\\\/07\\\/03\\\/el-principe-alberto-ii-y-la-princesa-charlene-de-monaco-parte-i\\\/\",\"name\":\"El pr\\u00edncipe Alberto II y la princesa Charlene de M\\u00f3naco \\u2013 Parte I | Ricosyfamosos.org\",\"inLanguage\":\"es-ES\",\"isPartOf\":{\"@id\":\"https:\\\/\\\/www.ricosyfamosos.org\\\/#website\"},\"breadcrumb\":{\"@id\":\"https:\\\/\\\/www.ricosyfamosos.org\\\/index.php\\\/2011\\\/07\\\/03\\\/el-principe-alberto-ii-y-la-princesa-charlene-de-monaco-parte-i\\\/#breadcrumblist\"},\"author\":{\"@id\":\"https:\\\/\\\/www.ricosyfamosos.org\\\/index.php\\\/author\\\/admin\\\/#author\"},\"creator\":{\"@id\":\"https:\\\/\\\/www.ricosyfamosos.org\\\/index.php\\\/author\\\/admin\\\/#author\"},\"datePublished\":\"2011-07-03T17:43:17-06:00\",\"dateModified\":\"2011-07-03T17:43:44-06:00\"},{\"@type\":\"WebSite\",\"@id\":\"https:\\\/\\\/www.ricosyfamosos.org\\\/#website\",\"url\":\"https:\\\/\\\/www.ricosyfamosos.org\\\/\",\"name\":\"Noticias de famosos\",\"description\":\"Noticias de famosos, celebridades, famosas, rumores, noticias de musica, noticias del cine, movie trailers, trailers de peliculas, videos de famosos, noticias paparazzi, noticias de cantantes, noticias de cine, noticias de tv, fotos de famosos, noticias de cantantes, Celebrity Ooopss!, escandalos de Hollywood, noticias de television, fotos de famosas y m\\u00e1s!\",\"inLanguage\":\"es-ES\",\"publisher\":{\"@id\":\"https:\\\/\\\/www.ricosyfamosos.org\\\/#organization\"}}]}\n\t\t<\/script>\n\t\t<!-- All in One SEO -->\n\n","aioseo_head_json":{"title":"El pr\u00edncipe Alberto II y la princesa Charlene de M\u00f3naco \u2013 Parte I | Ricosyfamosos.org","description":"","canonical_url":"https:\/\/www.ricosyfamosos.org\/index.php\/2011\/07\/03\/el-principe-alberto-ii-y-la-princesa-charlene-de-monaco-parte-i\/","robots":"max-image-preview:large","keywords":"","webmasterTools":{"miscellaneous":""},"schema":{"@context":"https:\/\/schema.org","@graph":[{"@type":"Article","@id":"https:\/\/www.ricosyfamosos.org\/index.php\/2011\/07\/03\/el-principe-alberto-ii-y-la-princesa-charlene-de-monaco-parte-i\/#article","name":"El pr\u00edncipe Alberto II y la princesa Charlene de M\u00f3naco \u2013 Parte I | Ricosyfamosos.org","headline":"El pr\u00edncipe Alberto II y la princesa Charlene de M\u00f3naco &#8211; Parte I","author":{"@id":"https:\/\/www.ricosyfamosos.org\/index.php\/author\/admin\/#author"},"publisher":{"@id":"https:\/\/www.ricosyfamosos.org\/#organization"},"image":{"@type":"ImageObject","url":"https:\/\/www.ricosyfamosos.org\/wp-content\/uploads\/2011\/07\/la-princesa-Charlene-de-M\u00f3naco-17.jpg","@id":"https:\/\/www.ricosyfamosos.org\/index.php\/2011\/07\/03\/el-principe-alberto-ii-y-la-princesa-charlene-de-monaco-parte-i\/#articleImage","width":490,"height":720},"datePublished":"2011-07-03T17:43:17-06:00","dateModified":"2011-07-03T17:43:44-06:00","inLanguage":"es-ES","commentCount":1,"mainEntityOfPage":{"@id":"https:\/\/www.ricosyfamosos.org\/index.php\/2011\/07\/03\/el-principe-alberto-ii-y-la-princesa-charlene-de-monaco-parte-i\/#webpage"},"isPartOf":{"@id":"https:\/\/www.ricosyfamosos.org\/index.php\/2011\/07\/03\/el-principe-alberto-ii-y-la-princesa-charlene-de-monaco-parte-i\/#webpage"},"articleSection":"Noticias de la realeza, Noticias generales, Sin categoria, Alberto de Monaco, Charlene Wittstock, Princesa Charlene de Monaco, Principe Alberto II"},{"@type":"BreadcrumbList","@id":"https:\/\/www.ricosyfamosos.org\/index.php\/2011\/07\/03\/el-principe-alberto-ii-y-la-princesa-charlene-de-monaco-parte-i\/#breadcrumblist","itemListElement":[{"@type":"ListItem","@id":"https:\/\/www.ricosyfamosos.org#listItem","position":1,"name":"Home","item":"https:\/\/www.ricosyfamosos.org","nextItem":{"@type":"ListItem","@id":"https:\/\/www.ricosyfamosos.org\/index.php\/category\/sin-categoria\/#listItem","name":"Sin categoria"}},{"@type":"ListItem","@id":"https:\/\/www.ricosyfamosos.org\/index.php\/category\/sin-categoria\/#listItem","position":2,"name":"Sin categoria","item":"https:\/\/www.ricosyfamosos.org\/index.php\/category\/sin-categoria\/","nextItem":{"@type":"ListItem","@id":"https:\/\/www.ricosyfamosos.org\/index.php\/2011\/07\/03\/el-principe-alberto-ii-y-la-princesa-charlene-de-monaco-parte-i\/#listItem","name":"El pr\u00edncipe Alberto II y la princesa Charlene de M\u00f3naco &#8211; Parte I"},"previousItem":{"@type":"ListItem","@id":"https:\/\/www.ricosyfamosos.org#listItem","name":"Home"}},{"@type":"ListItem","@id":"https:\/\/www.ricosyfamosos.org\/index.php\/2011\/07\/03\/el-principe-alberto-ii-y-la-princesa-charlene-de-monaco-parte-i\/#listItem","position":3,"name":"El pr\u00edncipe Alberto II y la princesa Charlene de M\u00f3naco &#8211; Parte I","previousItem":{"@type":"ListItem","@id":"https:\/\/www.ricosyfamosos.org\/index.php\/category\/sin-categoria\/#listItem","name":"Sin categoria"}}]},{"@type":"Organization","@id":"https:\/\/www.ricosyfamosos.org\/#organization","name":"Noticias de famosos","description":"Noticias de famosos, celebridades, famosas, rumores, noticias de musica, noticias del cine, movie trailers, trailers de peliculas, videos de famosos, noticias paparazzi, noticias de cantantes, noticias de cine, noticias de tv, fotos de famosos, noticias de cantantes, Celebrity Ooopss!, escandalos de Hollywood, noticias de television, fotos de famosas y m\u00e1s!","url":"https:\/\/www.ricosyfamosos.org\/"},{"@type":"Person","@id":"https:\/\/www.ricosyfamosos.org\/index.php\/author\/admin\/#author","url":"https:\/\/www.ricosyfamosos.org\/index.php\/author\/admin\/","name":"Famosos","image":{"@type":"ImageObject","@id":"https:\/\/www.ricosyfamosos.org\/index.php\/2011\/07\/03\/el-principe-alberto-ii-y-la-princesa-charlene-de-monaco-parte-i\/#authorImage","url":"https:\/\/secure.gravatar.com\/avatar\/b87429700c9df7458382f4e6e1517f9472b9308586140716d42c32c543afd9d2?s=96&d=mm&r=g","width":96,"height":96,"caption":"Famosos"}},{"@type":"WebPage","@id":"https:\/\/www.ricosyfamosos.org\/index.php\/2011\/07\/03\/el-principe-alberto-ii-y-la-princesa-charlene-de-monaco-parte-i\/#webpage","url":"https:\/\/www.ricosyfamosos.org\/index.php\/2011\/07\/03\/el-principe-alberto-ii-y-la-princesa-charlene-de-monaco-parte-i\/","name":"El pr\u00edncipe Alberto II y la princesa Charlene de M\u00f3naco \u2013 Parte I | Ricosyfamosos.org","inLanguage":"es-ES","isPartOf":{"@id":"https:\/\/www.ricosyfamosos.org\/#website"},"breadcrumb":{"@id":"https:\/\/www.ricosyfamosos.org\/index.php\/2011\/07\/03\/el-principe-alberto-ii-y-la-princesa-charlene-de-monaco-parte-i\/#breadcrumblist"},"author":{"@id":"https:\/\/www.ricosyfamosos.org\/index.php\/author\/admin\/#author"},"creator":{"@id":"https:\/\/www.ricosyfamosos.org\/index.php\/author\/admin\/#author"},"datePublished":"2011-07-03T17:43:17-06:00","dateModified":"2011-07-03T17:43:44-06:00"},{"@type":"WebSite","@id":"https:\/\/www.ricosyfamosos.org\/#website","url":"https:\/\/www.ricosyfamosos.org\/","name":"Noticias de famosos","description":"Noticias de famosos, celebridades, famosas, rumores, noticias de musica, noticias del cine, movie trailers, trailers de peliculas, videos de famosos, noticias paparazzi, noticias de cantantes, noticias de cine, noticias de tv, fotos de famosos, noticias de cantantes, Celebrity Ooopss!, escandalos de Hollywood, noticias de television, fotos de famosas y m\u00e1s!","inLanguage":"es-ES","publisher":{"@id":"https:\/\/www.ricosyfamosos.org\/#organization"}}]},"og:locale":"es_ES","og:site_name":"Noticias de famosos | Noticias de famosos, celebridades, famosas, rumores, noticias de musica, noticias del cine, movie trailers, trailers de peliculas, videos de famosos, noticias paparazzi, noticias de cantantes, noticias de cine, noticias de tv, fotos de famosos, noticias de cantantes, Celebrity Ooopss!, escandalos de Hollywood, noticias de television, fotos de famosas y m\u00e1s!","og:type":"article","og:title":"El pr\u00edncipe Alberto II y la princesa Charlene de M\u00f3naco \u2013 Parte I | Ricosyfamosos.org","og:url":"https:\/\/www.ricosyfamosos.org\/index.php\/2011\/07\/03\/el-principe-alberto-ii-y-la-princesa-charlene-de-monaco-parte-i\/","article:published_time":"2011-07-03T23:43:17+00:00","article:modified_time":"2011-07-03T23:43:44+00:00","twitter:card":"summary","twitter:title":"El pr\u00edncipe Alberto II y la princesa Charlene de M\u00f3naco \u2013 Parte I | Ricosyfamosos.org"},"aioseo_meta_data":{"post_id":"9857","title":null,"description":null,"keywords":null,"keyphrases":null,"primary_term":null,"canonical_url":null,"og_title":null,"og_description":null,"og_object_type":"default","og_image_type":"default","og_image_url":null,"og_image_width":null,"og_image_height":null,"og_image_custom_url":null,"og_image_custom_fields":null,"og_video":null,"og_custom_url":null,"og_article_section":null,"og_article_tags":null,"twitter_use_og":false,"twitter_card":"default","twitter_image_type":"default","twitter_image_url":null,"twitter_image_custom_url":null,"twitter_image_custom_fields":null,"twitter_title":null,"twitter_description":null,"schema":{"blockGraphs":[],"customGraphs":[],"default":{"data":{"Article":[],"Course":[],"Dataset":[],"FAQPage":[],"Movie":[],"Person":[],"Product":[],"ProductReview":[],"Car":[],"Recipe":[],"Service":[],"SoftwareApplication":[],"WebPage":[]},"graphName":"","isEnabled":true},"graphs":[],"defaultGraph":"","defaultPostTypeGraph":""},"schema_type":null,"schema_type_options":null,"pillar_content":false,"robots_default":true,"robots_noindex":false,"robots_noarchive":false,"robots_nosnippet":false,"robots_nofollow":false,"robots_noimageindex":false,"robots_noodp":false,"robots_notranslate":false,"robots_max_snippet":null,"robots_max_videopreview":null,"robots_max_imagepreview":"large","priority":null,"frequency":null,"local_seo":null,"breadcrumb_settings":null,"limit_modified_date":false,"ai":null,"created":"2020-12-21 02:52:36","updated":"2025-06-04 16:42:01","seo_analyzer_scan_date":null,"focus_keyword":null,"additional_keywords":null,"truseo_locale":null},"aioseo_breadcrumb":"<div class=\"aioseo-breadcrumbs\"><span class=\"aioseo-breadcrumb\">\n\t\t\t<a href=\"https:\/\/www.ricosyfamosos.org\" title=\"Home\">Home<\/a>\n\t\t<\/span><span class=\"aioseo-breadcrumb-separator\">&raquo;<\/span><span class=\"aioseo-breadcrumb\">\n\t\t\t<a href=\"https:\/\/www.ricosyfamosos.org\/index.php\/category\/sin-categoria\/\" title=\"Sin categoria\">Sin categoria<\/a>\n\t\t<\/span><span class=\"aioseo-breadcrumb-separator\">&raquo;<\/span><span class=\"aioseo-breadcrumb\">\n\t\t\tEl pr\u00edncipe Alberto II y la princesa Charlene de M\u00f3naco \u2013 Parte I\n\t\t<\/span><\/div>","aioseo_breadcrumb_json":[{"label":"Home","link":"https:\/\/www.ricosyfamosos.org"},{"label":"Sin categoria","link":"https:\/\/www.ricosyfamosos.org\/index.php\/category\/sin-categoria\/"},{"label":"El pr\u00edncipe Alberto II y la princesa Charlene de M\u00f3naco &#8211; Parte I","link":"https:\/\/www.ricosyfamosos.org\/index.php\/2011\/07\/03\/el-principe-alberto-ii-y-la-princesa-charlene-de-monaco-parte-i\/"}],"_links":{"self":[{"href":"https:\/\/www.ricosyfamosos.org\/index.php\/wp-json\/wp\/v2\/posts\/9857","targetHints":{"allow":["GET"]}}],"collection":[{"href":"https:\/\/www.ricosyfamosos.org\/index.php\/wp-json\/wp\/v2\/posts"}],"about":[{"href":"https:\/\/www.ricosyfamosos.org\/index.php\/wp-json\/wp\/v2\/types\/post"}],"author":[{"embeddable":true,"href":"https:\/\/www.ricosyfamosos.org\/index.php\/wp-json\/wp\/v2\/users\/1"}],"replies":[{"embeddable":true,"href":"https:\/\/www.ricosyfamosos.org\/index.php\/wp-json\/wp\/v2\/comments?post=9857"}],"version-history":[{"count":0,"href":"https:\/\/www.ricosyfamosos.org\/index.php\/wp-json\/wp\/v2\/posts\/9857\/revisions"}],"wp:attachment":[{"href":"https:\/\/www.ricosyfamosos.org\/index.php\/wp-json\/wp\/v2\/media?parent=9857"}],"wp:term":[{"taxonomy":"category","embeddable":true,"href":"https:\/\/www.ricosyfamosos.org\/index.php\/wp-json\/wp\/v2\/categories?post=9857"},{"taxonomy":"post_tag","embeddable":true,"href":"https:\/\/www.ricosyfamosos.org\/index.php\/wp-json\/wp\/v2\/tags?post=9857"}],"curies":[{"name":"wp","href":"https:\/\/api.w.org\/{rel}","templated":true}]}}